{"id":4081,"date":"2012-08-29T00:00:00","date_gmt":"2012-08-29T00:00:00","guid":{"rendered":"https:\/\/comunicatur.info\/300-vehicles-promocionen-catalunya-de-manera-desinteressada-2\/"},"modified":"2012-08-29T00:00:00","modified_gmt":"2012-08-29T00:00:00","slug":"300-vehicles-promocionen-catalunya-de-manera-desinteressada-2","status":"publish","type":"post","link":"https:\/\/www.comunicatur.info\/es\/300-vehicles-promocionen-catalunya-de-manera-desinteressada-2\/","title":{"rendered":"300 veh\u00edculos promocionan los atractivos de Catalu\u00f1a"},"content":{"rendered":"<p>Ya son 300 los camiones, autocares y otros veh\u00edculos comerciales que circulan por carreteras catalanas, del resto de Espa\u00f1a y del resto de Europa paseando im\u00e1genes tur\u00edsticas de Catalu\u00f1a.<\/p>\n<p><\/p>\n<p>Esta iniciativa forma parte de la nueva campa\u00f1a de promoci\u00f3n tur\u00edstica de la Generalitat, \u201cCatalunya, me gusta compartir\u201d, donde se prioriza la originalidad y la creatividad para rentabilizar al m\u00e1ximo la inversi\u00f3n con el menor coste posible.<\/p>\n<p>La posibilidad de incorporar las im\u00e1genes de la campa\u00f1a tur\u00edstica de Catalu\u00f1a se ha hecho extensiva a todos los propietarios de trailers, autocares de transporte y otros veh\u00edculos comerciales que lo deseen y que pueden convertirlos en elementos de publicidad rodante de Catalu\u00f1a de manera gratuita.<\/p>\n<p>Todas las empresas de transporte que se presten a colaborar, aparecen citadas en el blog de la campa\u00f1a, as\u00ed como en otras acciones de comunicaci\u00f3n y difusi\u00f3n de la campa\u00f1a.<\/p>\n<p><a type=\"button_count\" name=\"fb_share\"><\/a><\/p>\n<p><script src=\"http:\/\/static.ak.fbcdn.net\/connect.php\/js\/FB.Share\" type=\"text\/javascript\"><\/script><\/p>\n<p><a class=\"twitter-share-button\" data-text=\"Info de Comunicatur\" data-lang=\"es\" data-count=\"horizontal\" href=\"http:\/\/twitter.com\/share\" target=\"_blank\" rel=\"noopener\">Tweet<\/a><\/p>\n<p><script type=\"text\/javascript\" src=\"http:\/\/platform.twitter.com\/widgets.js\"><\/script><\/p>\n","protected":false},"excerpt":{"rendered":"<p>Ya son 300 los camiones, autocares y otros veh\u00edculos comerciales que circulan por carreteras catalanas, del resto de Espa\u00f1a y del resto de Europa paseando im\u00e1genes tur\u00edsticas de Catalu\u00f1a.<\/p>\n","protected":false},"author":1,"featured_media":0,"comment_status":"close","ping_status":"open","sticky":false,"template":"","format":"standard","meta":[],"categories":[18],"tags":[],"_links":{"self":[{"href":"https:\/\/www.comunicatur.info\/es\/wp-json\/wp\/v2\/posts\/4081"}],"collection":[{"href":"https:\/\/www.comunicatur.info\/es\/wp-json\/wp\/v2\/posts"}],"about":[{"href":"https:\/\/www.comunicatur.info\/es\/wp-json\/wp\/v2\/types\/post"}],"author":[{"embeddable":true,"href":"https:\/\/www.comunicatur.info\/es\/wp-json\/wp\/v2\/users\/1"}],"replies":[{"embeddable":true,"href":"https:\/\/www.comunicatur.info\/es\/wp-json\/wp\/v2\/comments?post=4081"}],"version-history":[{"count":0,"href":"https:\/\/www.comunicatur.info\/es\/wp-json\/wp\/v2\/posts\/4081\/revisions"}],"wp:attachment":[{"href":"https:\/\/www.comunicatur.info\/es\/wp-json\/wp\/v2\/media?parent=4081"}],"wp:term":[{"taxonomy":"category","embeddable":true,"href":"https:\/\/www.comunicatur.info\/es\/wp-json\/wp\/v2\/categories?post=4081"},{"taxonomy":"post_tag","embeddable":true,"href":"https:\/\/www.comunicatur.info\/es\/wp-json\/wp\/v2\/tags?post=4081"}],"curies":[{"name":"wp","href":"https:\/\/api.w.org\/{rel}","templated":true}]}}