{"id":4061,"date":"2012-08-08T00:00:00","date_gmt":"2012-08-08T00:00:00","guid":{"rendered":"https:\/\/comunicatur.info\/propostes-per-gaudir-de-lestiu-a-catalunya-2\/"},"modified":"2012-08-08T00:00:00","modified_gmt":"2012-08-08T00:00:00","slug":"propostes-per-gaudir-de-lestiu-a-catalunya-2","status":"publish","type":"post","link":"https:\/\/www.comunicatur.info\/es\/propostes-per-gaudir-de-lestiu-a-catalunya-2\/","title":{"rendered":"Propuestas para disfrutar el verano en Catalu\u00f1a"},"content":{"rendered":"<p><P>Durante los meses de verano, pueblos y ciudades de Catalu\u00f1a se preparan para recibir a sus visitantes ofreciendo propuestas que les permitan disfrutar del territorio de manera diferente. Las visitas -guiadas o no- son un buen ejemplo.<\/P><br \/><P>El Museo del Mediterr\u00e1neo y la Oficina de Turismo de Torroella y l\u2019Estartit ofrecen durante los meses de julio y agosto cuatro paseos para conocer la Torroella M\u00e1gica, a trav\u00e9s de un recorrido nocturno, teatralizado y con m\u00fasica en directo; El r\u00edo de la vida, para redescubrir el rio Ter; 1.000 a\u00f1os de historia y leyenda por Torroella; y l\u2019Estartit marinero. Las visitas pueden realizarse en diferentes idiomas (catal\u00e1n, castellano, ingl\u00e9s, franc\u00e9s y alem\u00e1n) y son aptas para toda la familia.<\/P><\/p>\n<p><P>Desde el Pened\u00e8s presentan los Itinerarios de Memoria Democr\u00e1tica, donde se combina el paseo y el conocimiento del territorio con la historia de la Guerra Civil. Las tres rutas pueden seguirse de forma libre a partir de la consulta de un mapa donde est\u00e1n localizados todos los elementos visitables.<\/P><\/p>\n<p><P>El visitante puede seguir: la Ruta del Frente, para conocer c\u00f3mo se produjo el avance franquista por el Pened\u00e8s y los diversos puntos donde el ej\u00e9rcito republicano ofreci\u00f3 resistencia. Destacan los espacios de Subirats, diversos vestigios recuperados, trincheras y nidos de ametralladora; la Ruta de defensa de costas, donde se han recuperado y se\u00f1alizado vestigios para explicar la labor realizada en la retaguardia republicana para defenderse de un hipot\u00e9tico ataque por mar del ej\u00e9rcito franquista; y la Ruta del Avispero de la Gloriosa, estructurada a partir de los elementos patrimoniales que quedan de los aer\u00f3dromos republicanos del Pened\u00e8s durante la Guerra Civil: Santa Oliva, Els Monjos, Sabanell y Pacs. Destaca el Centro de Interpretaci\u00f3n de la Aviaci\u00f3n Republicana y la Guerra A\u00e9rea, en el antiguo campo de Els Monjos.<\/P><\/p>\n<p><P>En Solsona, un tramo de las murallas y del foso medievales, descobierto en 2009 en el jard\u00edn del Palacio Episcopal, han sido recuperados y museizados y se han incorporado a las visitas guiadas nocturnas \u00abSolsona ins\u00f3lita\u00bb, que se han llevado a cabo en julio. Adem\u00e1s, todos los s\u00e1bados y domingos por la ma\u00f1ana, se organizan visitas guiadas que recorren los puntos de mayor inter\u00e9s de esta poblaci\u00f3n de Lleida.<\/P><\/p>\n<p><a type=\"button_count\" name=\"fb_share\"><\/a><\/p>\n<p><script src=\"http:\/\/static.ak.fbcdn.net\/connect.php\/js\/FB.Share\" type=\"text\/javascript\"><\/script><\/p>\n<p><a class=\"twitter-share-button\" data-text=\"Info de Comunicatur\" data-lang=\"es\" data-count=\"horizontal\" href=\"http:\/\/twitter.com\/share\" target=\"_blank\" rel=\"noopener\">Tweet<\/a><\/p>\n<p><script type=\"text\/javascript\" src=\"http:\/\/platform.twitter.com\/widgets.js\"><\/script><\/p>\n","protected":false},"excerpt":{"rendered":"<p><P>Durante los meses de verano, pueblos y ciudades de Catalu\u00f1a se preparan para recibir a sus visitantes ofreciendo propuestas que les permitan disfrutar del territorio de manera diferente. Las visitas -guiadas o no- son un buen ejemplo.<\/P><\/p>\n","protected":false},"author":1,"featured_media":0,"comment_status":"close","ping_status":"open","sticky":false,"template":"","format":"standard","meta":[],"categories":[19],"tags":[],"_links":{"self":[{"href":"https:\/\/www.comunicatur.info\/es\/wp-json\/wp\/v2\/posts\/4061"}],"collection":[{"href":"https:\/\/www.comunicatur.info\/es\/wp-json\/wp\/v2\/posts"}],"about":[{"href":"https:\/\/www.comunicatur.info\/es\/wp-json\/wp\/v2\/types\/post"}],"author":[{"embeddable":true,"href":"https:\/\/www.comunicatur.info\/es\/wp-json\/wp\/v2\/users\/1"}],"replies":[{"embeddable":true,"href":"https:\/\/www.comunicatur.info\/es\/wp-json\/wp\/v2\/comments?post=4061"}],"version-history":[{"count":0,"href":"https:\/\/www.comunicatur.info\/es\/wp-json\/wp\/v2\/posts\/4061\/revisions"}],"wp:attachment":[{"href":"https:\/\/www.comunicatur.info\/es\/wp-json\/wp\/v2\/media?parent=4061"}],"wp:term":[{"taxonomy":"category","embeddable":true,"href":"https:\/\/www.comunicatur.info\/es\/wp-json\/wp\/v2\/categories?post=4061"},{"taxonomy":"post_tag","embeddable":true,"href":"https:\/\/www.comunicatur.info\/es\/wp-json\/wp\/v2\/tags?post=4061"}],"curies":[{"name":"wp","href":"https:\/\/api.w.org\/{rel}","templated":true}]}}