{"id":4041,"date":"2012-07-25T00:00:00","date_gmt":"2012-07-25T00:00:00","guid":{"rendered":"https:\/\/comunicatur.info\/alguaire-recuperant-se-2\/"},"modified":"2012-07-25T00:00:00","modified_gmt":"2012-07-25T00:00:00","slug":"alguaire-recuperant-se-2","status":"publish","type":"post","link":"https:\/\/www.comunicatur.info\/es\/alguaire-recuperant-se-2\/","title":{"rendered":"Alguaire, recuper\u00e1ndose"},"content":{"rendered":"<p>En los primeros cinco meses de 2012, el aeropuerto de Lleida-Alguaire suma 26.913 pasajeros, cifra que supera la totalidad de pasajeros de 2011 y que representa un aumento del 40% respecto al mismo periodo del a\u00f1o pasado.<\/p>\n<p><\/p>\n<p>Este verano, la compa\u00f1\u00eda Air Nostrum ha puesto en funcionamiento los vuelos a Ibiza y Menorca que ofrece desde el 20 de julio y hasta el 2 de septiembre. Estas nuevas conexiones se suman al vuelo de Palma de Mallorca que la compa\u00f1\u00eda ya realiza en el aeropuerto de Lleida-Alguaire durante todo el a\u00f1o.<\/p>\n<p>Air Nostrum opera dos vuelos semanales en cada sentido por cada destino, Ibiza y  Menorca, los viernes y los domingos.<\/p>\n<p><a type=\"button_count\" name=\"fb_share\"><\/a><\/p>\n<p><script src=\"http:\/\/static.ak.fbcdn.net\/connect.php\/js\/FB.Share\" type=\"text\/javascript\"><\/script><\/p>\n<p><a class=\"twitter-share-button\" data-text=\"Info de Comunicatur\" data-lang=\"es\" data-count=\"horizontal\" href=\"http:\/\/twitter.com\/share\" target=\"_blank\" rel=\"noopener\">Tweet<\/a><\/p>\n<p><script type=\"text\/javascript\" src=\"http:\/\/platform.twitter.com\/widgets.js\"><\/script>\t      <\/p>\n","protected":false},"excerpt":{"rendered":"<p>En los primeros cinco meses de 2012, el aeropuerto de Lleida-Alguaire suma 26.913 pasajeros, cifra que supera la totalidad de pasajeros de 2011 y que representa un aumento del 40% respecto al mismo periodo del a\u00f1o pasado.<\/p>\n","protected":false},"author":1,"featured_media":0,"comment_status":"close","ping_status":"open","sticky":false,"template":"","format":"standard","meta":[],"categories":[30],"tags":[],"_links":{"self":[{"href":"https:\/\/www.comunicatur.info\/es\/wp-json\/wp\/v2\/posts\/4041"}],"collection":[{"href":"https:\/\/www.comunicatur.info\/es\/wp-json\/wp\/v2\/posts"}],"about":[{"href":"https:\/\/www.comunicatur.info\/es\/wp-json\/wp\/v2\/types\/post"}],"author":[{"embeddable":true,"href":"https:\/\/www.comunicatur.info\/es\/wp-json\/wp\/v2\/users\/1"}],"replies":[{"embeddable":true,"href":"https:\/\/www.comunicatur.info\/es\/wp-json\/wp\/v2\/comments?post=4041"}],"version-history":[{"count":0,"href":"https:\/\/www.comunicatur.info\/es\/wp-json\/wp\/v2\/posts\/4041\/revisions"}],"wp:attachment":[{"href":"https:\/\/www.comunicatur.info\/es\/wp-json\/wp\/v2\/media?parent=4041"}],"wp:term":[{"taxonomy":"category","embeddable":true,"href":"https:\/\/www.comunicatur.info\/es\/wp-json\/wp\/v2\/categories?post=4041"},{"taxonomy":"post_tag","embeddable":true,"href":"https:\/\/www.comunicatur.info\/es\/wp-json\/wp\/v2\/tags?post=4041"}],"curies":[{"name":"wp","href":"https:\/\/api.w.org\/{rel}","templated":true}]}}