{"id":3854,"date":"2012-04-23T11:42:50","date_gmt":"2012-04-23T11:42:50","guid":{"rendered":"https:\/\/comunicatur.info\/lliurats-els-premis-alimara-2012-3\/"},"modified":"2012-04-23T11:42:50","modified_gmt":"2012-04-23T11:42:50","slug":"lliurats-els-premis-alimara-2012-3","status":"publish","type":"post","link":"https:\/\/www.comunicatur.info\/es\/lliurats-els-premis-alimara-2012-3\/","title":{"rendered":"Entregados los Premios Alimara 2012"},"content":{"rendered":"<p>Los Premios Alimara reconocen el esfuerzo y la calidad del material de promoci\u00f3n tur\u00edstica, tanto de las instituciones como de las empresas del sector tur\u00edstico. Los convocan y organizan conjuntamente el Sal\u00f3n Internacional del Turismo de Catalu\u00f1a y el Centro de Estudios T\u00e9cnicos Tur\u00edsticos (CETT).<\/p>\n<p>En el marco del SITC, se han entregado los premios Alimara 2012. En el \u00e1mbito institucional y empresarial, han sido premiados el Patronat de Turisme Costa Brava, la Asociaci\u00f3n de Desarrollo Rural Gorbeialde (Bizkaia), Groupalia y Laptrip. Tambi\u00e9n han recibido una distinci\u00f3n el Patronato provincial de Turismo de Granada por presentar el mejor material gr\u00e1fico de promoci\u00f3n en catal\u00e1n y el canal \u201cViajar\u201d de Fox International Channels Espa\u00f1a en la nueva categor\u00eda de Mass Media.<\/p>\n<p><a type=\"button_count\" name=\"fb_share\"><\/a><\/p>\n<p><script src=\"http:\/\/static.ak.fbcdn.net\/connect.php\/js\/FB.Share\" type=\"text\/javascript\"><\/script><\/p>\n<p><a class=\"twitter-share-button\" data-text=\"Info de Comunicatur\" data-lang=\"es\" data-count=\"horizontal\" href=\"http:\/\/twitter.com\/share\" target=\"_blank\" rel=\"noopener\">Tweet<\/a><\/p>\n<p><script type=\"text\/javascript\" src=\"http:\/\/platform.twitter.com\/widgets.js\"><\/script><\/p>\n","protected":false},"excerpt":{"rendered":"<p>Los Premios Alimara reconocen el esfuerzo y la calidad del material de promoci\u00f3n tur\u00edstica, tanto de las instituciones como de las empresas del sector tur\u00edstico. Los convocan y organizan conjuntamente el Sal\u00f3n Internacional del Turismo de Catalu\u00f1a y el Centro de Estudios T\u00e9cnicos Tur\u00edsticos (CETT).<\/p>\n","protected":false},"author":1,"featured_media":0,"comment_status":"close","ping_status":"open","sticky":false,"template":"","format":"standard","meta":[],"categories":[153],"tags":[],"_links":{"self":[{"href":"https:\/\/www.comunicatur.info\/es\/wp-json\/wp\/v2\/posts\/3854"}],"collection":[{"href":"https:\/\/www.comunicatur.info\/es\/wp-json\/wp\/v2\/posts"}],"about":[{"href":"https:\/\/www.comunicatur.info\/es\/wp-json\/wp\/v2\/types\/post"}],"author":[{"embeddable":true,"href":"https:\/\/www.comunicatur.info\/es\/wp-json\/wp\/v2\/users\/1"}],"replies":[{"embeddable":true,"href":"https:\/\/www.comunicatur.info\/es\/wp-json\/wp\/v2\/comments?post=3854"}],"version-history":[{"count":0,"href":"https:\/\/www.comunicatur.info\/es\/wp-json\/wp\/v2\/posts\/3854\/revisions"}],"wp:attachment":[{"href":"https:\/\/www.comunicatur.info\/es\/wp-json\/wp\/v2\/media?parent=3854"}],"wp:term":[{"taxonomy":"category","embeddable":true,"href":"https:\/\/www.comunicatur.info\/es\/wp-json\/wp\/v2\/categories?post=3854"},{"taxonomy":"post_tag","embeddable":true,"href":"https:\/\/www.comunicatur.info\/es\/wp-json\/wp\/v2\/tags?post=3854"}],"curies":[{"name":"wp","href":"https:\/\/api.w.org\/{rel}","templated":true}]}}