{"id":3822,"date":"2012-04-18T00:00:00","date_gmt":"2012-04-18T00:00:00","guid":{"rendered":"https:\/\/comunicatur.info\/la-provincia-de-barcelona-rep-un-15-mes-de-turistes-2\/"},"modified":"2012-04-18T00:00:00","modified_gmt":"2012-04-18T00:00:00","slug":"la-provincia-de-barcelona-rep-un-15-mes-de-turistes-2","status":"publish","type":"post","link":"https:\/\/www.comunicatur.info\/es\/la-provincia-de-barcelona-rep-un-15-mes-de-turistes-2\/","title":{"rendered":"La provincia de Barcelona recibe un 15% m\u00e1s de turistas"},"content":{"rendered":"<p>Durante 2011, la demarcaci\u00f3n de Barcelona (sin incluir Barcelona ciudad) recibi\u00f3 3,4 millones de turistas, cifra que supone un 15% m\u00e1s que el a\u00f1o anterior. Las comarcas que m\u00e1s han crecido, tanto en viajeros como en pernoctaciones, son el Vall\u00e8s Occidental (36,7% y 47,5%, respectivamente) y la Anoia (35,84% y 20,97%, respectivamente).<\/p>\n<p><\/p>\n<p>Seg\u00fan los datos facilitados por la Gerencia de Servicios de Turismo de la Diputaci\u00f3n de Barcelona, el a\u00f1o pasado los alojamientos de las comarcas de Barcelona (sin incluir el Barcelon\u00e8s) recibieron 3.567.913 viajeros, que representan un incremento del 15,15% respecto al a\u00f1o 2010, \u201cun porcentaje muy por encima de la media de Catalu\u00f1a(4,45%)\u201d.<\/p>\n<p><b>Por alojamientos<\/b><\/p>\n<p>El porcentaje de las cifras de turistas en hoteles es casi del 80% respecto el total de viajeros de la provincia. El sector hotelero recibi\u00f3 un 23,1% m\u00e1s de turistas y se incrementaron las pernoctacions en un 3,7%.<\/p>\n<p>Por comarcas, los hoteles del Maresme registraron los niveles m\u00e1s altos de ocupaci\u00f3n, con un 73,3%, con un incremento de 6 puntos respecto a 2010. Otras comarcas con incrementos significativos de turistas fueron Osona (39,9%), el Vall\u00e8s Occidental (36,7%) y el Alt Pened\u00e8s (30,8%). El Bages, el Garraf y el Vall\u00e8s Oriental retroceden en el n\u00famero de turistas alojados.<\/p>\n<p>Los alojamientos de turismo rural han recuperado los valores que hab\u00edan perdido durante el 2009 y 2010, y llegan casi a los 100.000 viajeros. La comarca con m\u00e1s ocupaci\u00f3n es el Bergued\u00e0, con un 25,3%. Destaca el crecimiento en la Anoia, y los incrementos en Osona y el Bages. Por el contrario, han visto reducidos el n\u00famero de viajeros y de pernoctaciones en las comarcas del Alt Pened\u00e8s y el Vall\u00e8s Oriental.<\/p>\n<p>Con respecto a los campings, las comarcas del Bergued\u00e0 y del Maresme presentan resultados positivos, mientras que el Garraf pierde casi un 40% de turistas y un 33,6% en pernoctaciones. En general, las lluvias del verano influyeron negativamente en la ocupaci\u00f3n de los campings que, en cifras globales, sufrieron un retroceso del 10,6% en el n\u00famero de viajeros respecto 2010.<\/p>\n<p><a type=\"button_count\" name=\"fb_share\"><\/a><\/p>\n<p><script src=\"http:\/\/static.ak.fbcdn.net\/connect.php\/js\/FB.Share\" type=\"text\/javascript\"><\/script><\/p>\n<p><a class=\"twitter-share-button\" data-text=\"Info de Comunicatur\" data-lang=\"es\" data-count=\"horizontal\" href=\"http:\/\/twitter.com\/share\" target=\"_blank\" rel=\"noopener\">Tweet<\/a><\/p>\n<p><script type=\"text\/javascript\" src=\"http:\/\/platform.twitter.com\/widgets.js\"><\/script><\/p>\n","protected":false},"excerpt":{"rendered":"<p>Durante 2011, la demarcaci\u00f3n de Barcelona (sin incluir Barcelona ciudad) recibi\u00f3 3,4 millones de turistas, cifra que supone un 15% m\u00e1s que el a\u00f1o anterior. Las comarcas que m\u00e1s han crecido, tanto en viajeros como en pernoctaciones, son el Vall\u00e8s Occidental (36,7% y 47,5%, respectivamente) y la Anoia (35,84% y 20,97%, respectivamente).<\/p>\n","protected":false},"author":1,"featured_media":0,"comment_status":"close","ping_status":"open","sticky":false,"template":"","format":"standard","meta":[],"categories":[19],"tags":[],"_links":{"self":[{"href":"https:\/\/www.comunicatur.info\/es\/wp-json\/wp\/v2\/posts\/3822"}],"collection":[{"href":"https:\/\/www.comunicatur.info\/es\/wp-json\/wp\/v2\/posts"}],"about":[{"href":"https:\/\/www.comunicatur.info\/es\/wp-json\/wp\/v2\/types\/post"}],"author":[{"embeddable":true,"href":"https:\/\/www.comunicatur.info\/es\/wp-json\/wp\/v2\/users\/1"}],"replies":[{"embeddable":true,"href":"https:\/\/www.comunicatur.info\/es\/wp-json\/wp\/v2\/comments?post=3822"}],"version-history":[{"count":0,"href":"https:\/\/www.comunicatur.info\/es\/wp-json\/wp\/v2\/posts\/3822\/revisions"}],"wp:attachment":[{"href":"https:\/\/www.comunicatur.info\/es\/wp-json\/wp\/v2\/media?parent=3822"}],"wp:term":[{"taxonomy":"category","embeddable":true,"href":"https:\/\/www.comunicatur.info\/es\/wp-json\/wp\/v2\/categories?post=3822"},{"taxonomy":"post_tag","embeddable":true,"href":"https:\/\/www.comunicatur.info\/es\/wp-json\/wp\/v2\/tags?post=3822"}],"curies":[{"name":"wp","href":"https:\/\/api.w.org\/{rel}","templated":true}]}}