{"id":3814,"date":"2012-04-12T00:00:00","date_gmt":"2012-04-12T00:00:00","guid":{"rendered":"https:\/\/comunicatur.info\/nou-capitol-en-la-fusio-dacav-i-ucave-2\/"},"modified":"2012-04-12T00:00:00","modified_gmt":"2012-04-12T00:00:00","slug":"nou-capitol-en-la-fusio-dacav-i-ucave-2","status":"publish","type":"post","link":"https:\/\/www.comunicatur.info\/es\/nou-capitol-en-la-fusio-dacav-i-ucave-2\/","title":{"rendered":"Nuevo cap\u00edtulo en la fusi\u00f3n de ACAV y UCAVE"},"content":{"rendered":"<p>Las asambleas de la Asociaci\u00f3n Catalana de Agencias de Viajes (ACAV), y la Uni\u00f3n Catalana de Agencias de Viajes Especializadas (UCAVE) han aprobado unificarse en una sola asociaci\u00f3n a partir del 1 de enero de 2013. Se han dado margen durante todo el 2012 para acabar de determinar aspectos operativos de la nueva asociaci\u00f3n que representar\u00e1 a m\u00e1s de 540 agencias de viajes y ser\u00e1 la m\u00e1s representativa en Espa\u00f1a.<\/p>\n<p>El medio millar de agencias que conformar\u00edan esta asociaci\u00f3n sumar\u00e1n cerca de 1.000 puntos de venta. Un 20% de estos puntos de venta se encuentran fuera de Catalu\u00f1a. Francisco Carnerero, presidente de ACAV y Rafael Serra, presidente de UCAVE han coincidido en se\u00f1alar que la integraci\u00f3n es b\u00e1sica para defender en una \u00fanica plataforma los intereses del sector y con fuerza de influencia ante las instituciones. Actualmente ambas est\u00e1n integradas en la Confederaci\u00f3n Espa\u00f1ola de Asociaciones de Agencias de Viajes y Turoperadores (CEAVYT).<\/p>\n<p>Tras varios intentos de fusi\u00f3n las dos asociaciones decidieron darse un tiempo e iniciar una fase de trabajo conjunto en temas que afectaban al sector. Seg\u00fan han declarado en un comunicado, ahora \u201cllegan a la unificaci\u00f3n despu\u00e9s de la buena sinton\u00eda mostrada desde 2011\u201d. A partir del 1 de enero de 2013 operar\u00e1n como una \u00fanica asociaci\u00f3n bajo la denominaci\u00f3n de social ACAV-UCAVE hasta decidir su nueva marca.<\/p>\n<p>En enero abrir\u00e1n un periodo transitorio, de un m\u00e1ximo 4 meses, hasta la convocatoria de la primera Asamblea General Ordinaria en la que se celebrar\u00e1n elecciones para designar los nuevos \u00f3rganos de gobierno y la aprobaci\u00f3n de los estatutos de la Asociaci\u00f3n. Hasta la celebraci\u00f3n de la asamblea crear\u00e1n un Comit\u00e9 Gestor compuesto por representantes de ambas asociaciones, Francisco Carnerero y Rafael Serra, ser\u00e1n copresidentes.<\/p>\n<p>La suma de ACAV y UCAVE dotar\u00e1 a la nueva asociaci\u00f3n de agencias de diferentes tipolog\u00edas: emisoras, touroperadores, receptivas de costa y de ciudad, agencias de productos propios, agencias on line y empresas de cruceros.<\/p>\n<p><a type=\"button_count\" name=\"fb_share\"><\/a><\/p>\n<p><script src=\"http:\/\/static.ak.fbcdn.net\/connect.php\/js\/FB.Share\" type=\"text\/javascript\"><\/script><\/p>\n<p><a class=\"twitter-share-button\" data-text=\"Info de Comunicatur\" data-lang=\"es\" data-count=\"horizontal\" href=\"http:\/\/twitter.com\/share\" target=\"_blank\" rel=\"noopener\">Tweet<\/a><\/p>\n<p><script type=\"text\/javascript\" src=\"http:\/\/platform.twitter.com\/widgets.js\"><\/script><\/p>\n","protected":false},"excerpt":{"rendered":"<p>Las asambleas de la Asociaci\u00f3n Catalana de Agencias de Viajes (ACAV), y la Uni\u00f3n Catalana de Agencias de Viajes Especializadas (UCAVE) han aprobado unificarse en una sola asociaci\u00f3n a partir del 1 de enero de 2013. Se han dado margen durante todo el 2012 para acabar de determinar aspectos operativos de la nueva asociaci\u00f3n que representar\u00e1 a m\u00e1s de 540 agencias de viajes y ser\u00e1 la m\u00e1s representativa en Espa\u00f1a.<\/p>\n","protected":false},"author":1,"featured_media":0,"comment_status":"close","ping_status":"open","sticky":false,"template":"","format":"standard","meta":[],"categories":[25],"tags":[],"_links":{"self":[{"href":"https:\/\/www.comunicatur.info\/es\/wp-json\/wp\/v2\/posts\/3814"}],"collection":[{"href":"https:\/\/www.comunicatur.info\/es\/wp-json\/wp\/v2\/posts"}],"about":[{"href":"https:\/\/www.comunicatur.info\/es\/wp-json\/wp\/v2\/types\/post"}],"author":[{"embeddable":true,"href":"https:\/\/www.comunicatur.info\/es\/wp-json\/wp\/v2\/users\/1"}],"replies":[{"embeddable":true,"href":"https:\/\/www.comunicatur.info\/es\/wp-json\/wp\/v2\/comments?post=3814"}],"version-history":[{"count":0,"href":"https:\/\/www.comunicatur.info\/es\/wp-json\/wp\/v2\/posts\/3814\/revisions"}],"wp:attachment":[{"href":"https:\/\/www.comunicatur.info\/es\/wp-json\/wp\/v2\/media?parent=3814"}],"wp:term":[{"taxonomy":"category","embeddable":true,"href":"https:\/\/www.comunicatur.info\/es\/wp-json\/wp\/v2\/categories?post=3814"},{"taxonomy":"post_tag","embeddable":true,"href":"https:\/\/www.comunicatur.info\/es\/wp-json\/wp\/v2\/tags?post=3814"}],"curies":[{"name":"wp","href":"https:\/\/api.w.org\/{rel}","templated":true}]}}