{"id":381,"date":"2008-06-17T00:00:00","date_gmt":"2008-06-17T00:00:00","guid":{"rendered":"https:\/\/comunicatur.info\/guia-i-senyalitzacio-per-al-cami-de-sant-jaume-santiago-a-catalunya-2\/"},"modified":"2008-06-17T00:00:00","modified_gmt":"2008-06-17T00:00:00","slug":"guia-i-senyalitzacio-per-al-cami-de-sant-jaume-santiago-a-catalunya-2","status":"publish","type":"post","link":"https:\/\/www.comunicatur.info\/es\/guia-i-senyalitzacio-per-al-cami-de-sant-jaume-santiago-a-catalunya-2\/","title":{"rendered":"Gu\u00eda y se\u00f1alizaci\u00f3n para el Camino de Santiago en Catalu\u00f1a"},"content":{"rendered":"<p>La direcci&oacute;n general de Turismo ha inaugurado la se&ntilde;alizaci&oacute;n del Camino de Santiago a su paso por Catalu&ntilde;a y ha presentado la primera edici&oacute;n de una gu&iacute;a tur&iacute;stica sobre el Camino, para el tramo Montserrat &#8211; Alcarr&aacute;s.<\/p>\n<p><\/p>\n<p>La tarea de se&ntilde;alizaci&oacute;n consta de dos fases: la primera, inaugurada oficialmente ayer comprende el tramo que va de Montserrat hasta el municipio de Alcarr&aacute;s, en el l&iacute;mite con Arag&oacute;n, y la segunda, anunciada para finales de a&ntilde;o, entre Montserrat y Sant Pere de Rodes en la Costa Brava.<\/p>\n<p>A lo largo del primer tramo se han instalado 551 elementos de se&ntilde;alizaci&oacute;n (palos, mapas, plafones y banderines) y comprende las comarcas del Bages, la Anoia, la Segarra, el Urgell, el Pla de Urgell y el Segri&aacute;, 30 t&eacute;rminos municipales y 21 n&uacute;cleos urbanos. La ruta Montserrat- Alcarr&aacute;s tiene 140 km de longitud que se pueden hacer en cinco etapas, de unos 25-30 km de media. Sigue aproximadamente la traza de la antigua v&iacute;a romana de Barcelona a Lleida que transcurre paralela a la N-II y autov&iacute;a A-2. El camino tiene como hitos adem&aacute;s del monasterio de Montserrat, la Seu Vella de Lleida, los centros hist&oacute;ricos de Igualada, T&agrave;rrega y Cervera o las iglesias rom&aacute;nicas de Santa Maria del Cam&iacute; y Sant Pere el Gros.<\/p>\n<p>&ldquo;Cam&iacute; de Sant Jaume de Gal&iacute;cia, de Montserrat a Alcarr&agrave;s&rdquo; es el t&iacute;tulo de la nueva gu&iacute;a tur&iacute;stica que tambi&eacute;n se present&oacute; ayer y que coincide con el recorrido se&ntilde;alizado hasta la fecha por la direcci&oacute;n general de Turismo.<\/p>\n<p>La presentaci&oacute;n ha tenido lugar en la Abad&iacute;a de Montserrat y han participado el Padre Abad de Montserrat, Josep Maria Soler; el consejero de Innovaci&oacute;n Universidades y Empresa de la Generalitat, Josep Huguet y el director general de Turismo, Joan Carles Vilalta. <\/p>\n<p><strong>Comarcas y&nbsp;municipios de paso del Camino:<\/strong><\/p>\n<p><u>BAGES<\/u> <br \/>\n-Marganell <br \/>\n-Monistrol de Montserrat<\/p>\n<p><u>ANOIA <\/u><br \/>\n-El Bruc <br \/>\n-Castellol&iacute; <br \/>\n-Igualada <br \/>\n-Jorba <br \/>\n-Argen&ccedil;ola <br \/>\n-Veciana <br \/>\n-Montmaneu<\/p>\n<p><u>SEGARRA <br \/>\n<\/u>-Talavera <br \/>\n-Ribera d&#8217;Ondara <br \/>\n-Cervera <br \/>\n-Granyanella<\/p>\n<p><u>URGELL <br \/>\n<\/u>-T&agrave;rrega <br \/>\n-Vilagrassa <br \/>\n-Anglesola <br \/>\n-Bellpuig<\/p>\n<p><u>PLA D&rsquo;URGELL<\/u> <br \/>\n-Ivars d&#8217;Urgell <br \/>\n-Barbens <br \/>\n-Vila-sana <br \/>\n-Mollerussa <br \/>\n-Castellnou de Seana <br \/>\n-El Palau d&#8217;Anglesola <br \/>\n-Bell-lloc d&#8217;Urgell<\/p>\n<p><u>SEGRI&Agrave; <\/u><br \/>\n-Lleida <br \/>\n-Alcoletge <br \/>\n-Albat&agrave;rrec <br \/>\n-Alcarr&agrave;s <br \/>\n-Torres de Segre <br \/>\n-Soses<\/p>\n","protected":false},"excerpt":{"rendered":"<p>La direcci&oacute;n general de Turismo ha inaugurado la se&ntilde;alizaci&oacute;n del Camino de Santiago a su paso por Catalu&ntilde;a y ha presentado la primera edici&oacute;n de una gu&iacute;a tur&iacute;stica sobre el Camino, para el tramo Montserrat &#8211; Alcarr&aacute;s.<\/p>\n","protected":false},"author":1,"featured_media":0,"comment_status":"close","ping_status":"open","sticky":false,"template":"","format":"standard","meta":[],"categories":[19],"tags":[],"_links":{"self":[{"href":"https:\/\/www.comunicatur.info\/es\/wp-json\/wp\/v2\/posts\/381"}],"collection":[{"href":"https:\/\/www.comunicatur.info\/es\/wp-json\/wp\/v2\/posts"}],"about":[{"href":"https:\/\/www.comunicatur.info\/es\/wp-json\/wp\/v2\/types\/post"}],"author":[{"embeddable":true,"href":"https:\/\/www.comunicatur.info\/es\/wp-json\/wp\/v2\/users\/1"}],"replies":[{"embeddable":true,"href":"https:\/\/www.comunicatur.info\/es\/wp-json\/wp\/v2\/comments?post=381"}],"version-history":[{"count":0,"href":"https:\/\/www.comunicatur.info\/es\/wp-json\/wp\/v2\/posts\/381\/revisions"}],"wp:attachment":[{"href":"https:\/\/www.comunicatur.info\/es\/wp-json\/wp\/v2\/media?parent=381"}],"wp:term":[{"taxonomy":"category","embeddable":true,"href":"https:\/\/www.comunicatur.info\/es\/wp-json\/wp\/v2\/categories?post=381"},{"taxonomy":"post_tag","embeddable":true,"href":"https:\/\/www.comunicatur.info\/es\/wp-json\/wp\/v2\/tags?post=381"}],"curies":[{"name":"wp","href":"https:\/\/api.w.org\/{rel}","templated":true}]}}