{"id":3756,"date":"2012-03-07T00:00:00","date_gmt":"2012-03-07T00:00:00","guid":{"rendered":"https:\/\/comunicatur.info\/aiguestortes-i-la-vall-de-boi-incrementen-el-nombre-de-visitants-2\/"},"modified":"2012-03-07T00:00:00","modified_gmt":"2012-03-07T00:00:00","slug":"aiguestortes-i-la-vall-de-boi-incrementen-el-nombre-de-visitants-2","status":"publish","type":"post","link":"https:\/\/www.comunicatur.info\/es\/aiguestortes-i-la-vall-de-boi-incrementen-el-nombre-de-visitants-2\/","title":{"rendered":"Aig\u00fcestortes y la Vall de Bo\u00ed incrementan visitas"},"content":{"rendered":"<p>El Parque Nacional de Aig\u00fcestortes y Estany de Sant Maurici recibi\u00f3 durante el a\u00f1o 2011 un total de 322.572 personas, un 9,5% m\u00e1s que el a\u00f1o anterior, mientras que el n\u00famero de visitantes del conjunto rom\u00e1nico de La Vall de Bo\u00ed tambi\u00e9n aument\u00f3 un 13,4%.<\/p>\n<p><\/p>\n<p>Un total de 322.572 personas visitaron el Parque Nacional de Aig\u00fcestortes y Estany de Sant Maurici, durante el pasado a\u00f1o, un 9,5% m\u00e1s que en 2010, seg\u00fan datos elaborados por el parque. El aumento de visitantes es debido, en parte, a la desestacionalizaci\u00f3n de las visitas y a la falta de nieve de octubre a diciembre, que permiti\u00f3 que el p\u00fablico pudiera transitar por el espacio natural.<\/p>\n<p><b>Incremento de visitantes extranjeros<\/b><\/p>\n<p>La procedencia de los visitantes del Parque Nacional de Aig\u00fcestortes y Estany de Sant Maurici se obtiene mediante una encuesta directa a todas las personas que entran en los centros de informaci\u00f3n. En 2011 destaca un ligero aumento de los visitantes extranjeros, que suponen un 17% del total. Una vez m\u00e1s, el lugar con una mayor afluencia de extranjeros es la Casa del Parque de Espot, donde se ha contabilizado el 66% de los visitantes procedentes de otros pa\u00edses.<\/p>\n<p>Durante el a\u00f1o 2011 se sigui\u00f3 consolidando el aumento anual en la incidencia del turismo israel\u00ed. Del total de los extranjeros que entran a pedir informaci\u00f3n en alguno de los puntos de acogida del parque nacional, el 31% procede de Israel. El n\u00famero de turistas israel\u00edes que visitan las comarcas de Lleida, principalmente las del Pirineo, va en aumento a\u00f1o tras a\u00f1o, atra\u00eddos sobre todo por la oferta de naturaleza, monta\u00f1a y deportes de aventura, adem\u00e1s de los vestigios relacionados con la cultura jud\u00eda y la gastronom\u00eda.<\/p>\n<p>Del resto de visitantes extranjeros que entran en alguno de los centros de informaci\u00f3n, el 23% proceden de Francia; el 12%, de Holanda; el 10%, de Alemania; el 4%, de Gran Breta\u00f1a; el 3%, de Estados Unidos; el 3%, de B\u00e9lgica; el 2%, de Jap\u00f3n, y el 2%, de Italia. En cuanto a los visitantes estatales, cerca del 75% son catalanes, seguidos de los madrile\u00f1os (el 7%) y los valencianos (el 6%).<\/p>\n<p><b>Tambi\u00e9n crece el n\u00famero de visitantes de la Vall de Bo\u00ed<\/b><\/p>\n<p>El conjunto rom\u00e1nico de La Vall de Bo\u00ed atrajo 136.327 visitantes durante 2011, un 13,4% m\u00e1s que las 120.227 personas que acudieron durante 2010. Por templos, Sant Climent de Ta\u00fcll recibi\u00f3 57.526 visitas; Sant Joan de Bo\u00ed, 23.981; Santa Eul\u00e0lia de Erill, 21.649; Sant Feliu de Barruera, 14.099; la Nativitat de Durro, 13.063; Santa Maria de Cardet, 4.930; Sant Quirc de Durro, 1.032, y la Assumpci\u00f3 de C\u00f3ll, 47.<\/p>\n<p>En cuanto al espacio de interpretaci\u00f3n del Centro del Rom\u00e1nico de La Vall de Bo\u00ed, recibi\u00f3 16.258 visitas durante el pasado a\u00f1o. Del total de turistas, 14.804 proven\u00edan de Espa\u00f1a y 1.454, del extranjero (el 8,9%). De estos \u00faltimos, cabe mencionar la presencia de personas procedentes de Francia (601), Alemania (160), Gran Breta\u00f1a (91), Italia (76), Estados Unidos (61), B\u00e9lgica (46), Holanda (32) y Portugal (29).<\/p>\n<p>Las iglesias de Sant Climent y Santa Maria de Ta\u00fcll permanecen abiertas todos los d\u00edas del a\u00f1o. Tambi\u00e9n se mantendr\u00e1n abiertas en d\u00edas alternos Sant Joan de Bo\u00ed y Santa Eul\u00e0lia de Erill en funci\u00f3n de la demanda. La Nativitat de Durro y Sant Feliu de Barruera abrir\u00e1n en temporada alta (Semana Santa, puentes, Navidad y verano).<\/p>\n<p><a type=\"button_count\" name=\"fb_share\"><\/a><\/p>\n<p><script src=\"http:\/\/static.ak.fbcdn.net\/connect.php\/js\/FB.Share\" type=\"text\/javascript\"><\/script><\/p>\n<p><a class=\"twitter-share-button\" data-text=\"Info de Comunicatur\" data-lang=\"es\" data-count=\"horizontal\" href=\"http:\/\/twitter.com\/share\" target=\"_blank\" rel=\"noopener\">Tweet<\/a><\/p>\n<p><script type=\"text\/javascript\" src=\"http:\/\/platform.twitter.com\/widgets.js\"><\/script><\/p>\n","protected":false},"excerpt":{"rendered":"<p>El Parque Nacional de Aig\u00fcestortes y Estany de Sant Maurici recibi\u00f3 durante el a\u00f1o 2011 un total de 322.572 personas, un 9,5% m\u00e1s que el a\u00f1o anterior, mientras que el n\u00famero de visitantes del conjunto rom\u00e1nico de La Vall de Bo\u00ed tambi\u00e9n aument\u00f3 un 13,4%.<\/p>\n","protected":false},"author":1,"featured_media":0,"comment_status":"close","ping_status":"open","sticky":false,"template":"","format":"standard","meta":[],"categories":[19],"tags":[],"_links":{"self":[{"href":"https:\/\/www.comunicatur.info\/es\/wp-json\/wp\/v2\/posts\/3756"}],"collection":[{"href":"https:\/\/www.comunicatur.info\/es\/wp-json\/wp\/v2\/posts"}],"about":[{"href":"https:\/\/www.comunicatur.info\/es\/wp-json\/wp\/v2\/types\/post"}],"author":[{"embeddable":true,"href":"https:\/\/www.comunicatur.info\/es\/wp-json\/wp\/v2\/users\/1"}],"replies":[{"embeddable":true,"href":"https:\/\/www.comunicatur.info\/es\/wp-json\/wp\/v2\/comments?post=3756"}],"version-history":[{"count":0,"href":"https:\/\/www.comunicatur.info\/es\/wp-json\/wp\/v2\/posts\/3756\/revisions"}],"wp:attachment":[{"href":"https:\/\/www.comunicatur.info\/es\/wp-json\/wp\/v2\/media?parent=3756"}],"wp:term":[{"taxonomy":"category","embeddable":true,"href":"https:\/\/www.comunicatur.info\/es\/wp-json\/wp\/v2\/categories?post=3756"},{"taxonomy":"post_tag","embeddable":true,"href":"https:\/\/www.comunicatur.info\/es\/wp-json\/wp\/v2\/tags?post=3756"}],"curies":[{"name":"wp","href":"https:\/\/api.w.org\/{rel}","templated":true}]}}