{"id":3676,"date":"2012-01-26T00:00:00","date_gmt":"2012-01-26T00:00:00","guid":{"rendered":"https:\/\/comunicatur.info\/renovacio-de-la-marca-barcelona-es-molt-mes-2\/"},"modified":"2012-01-26T00:00:00","modified_gmt":"2012-01-26T00:00:00","slug":"renovacio-de-la-marca-barcelona-es-molt-mes-2","status":"publish","type":"post","link":"https:\/\/www.comunicatur.info\/es\/renovacio-de-la-marca-barcelona-es-molt-mes-2\/","title":{"rendered":"Renovaci\u00f3n de la marca \u00abBarcelona es mucho m\u00e1s\u00bb"},"content":{"rendered":"<p>Con la marca tur\u00edstica &#8216;Barcelona es mucho m\u00e1s&#8217;, la Diputaci\u00f3n de Barcelona pretende aumentar un 30% el n\u00famero de turistas y un 21% el de excursionistas y generar activado econ\u00f3mica a la provincia.<\/p>\n<p><\/p>\n<p>El estreno oficial de la nueva campa\u00f1a &#8216;Barcelona es mucho m\u00e1s&#8217; se ha hecho en el marco de FITUR, y se basa en esta marca paraguas, y tres submarcas, &#8216;Costa Barcelona&#8217;, &#8216;Paisajes Barcelona&#8217; y &#8216;Pirineo Barcelona&#8217;. Los productos principales son sol y playa, cultural, rural, familiar, deportivo, gastron\u00f3mico, enoturismo, naturaleza-ecoturismo y reuniones.<\/p>\n<p>El objetivo del nuevo Plan de Marketing y de la nueva imagen de las comarcas barcelonesas es personalizar la marca para cada territorio pero sin perder la identidad de la marca madre. Seg\u00fan los responsables tur\u00edsticos de la marca, \u201cla provincia de Barcelona es la gran desconocida de los barceloneses y los habitantes del \u00e1rea metropolitana. Por eso, deben saber todo lo que los puede ofrecer las comarcas barcelonesas\u201d. Otros mercados prioritarios son Madrid, el sur de Francia y el Pa\u00eds Vasco.<\/p>\n<p>De los 8.000 productos inventariados en el territorio, 18 protagonizan la promoci\u00f3n: Castellers de Vilafranca; Cavas Codorn\u00edu, Cavas Freixenet, Cavas Torres; Circuito de Catalunya; Cardona, Sitges, Terrassa y Vic; Cripta G\u00fcell y Colonia G\u00fcell; Fiesta Mayor de Vilafranca; Festival de Cine Fant\u00e1stico de Sitges; La Patum de Berga; Macizo del Pedraforca; Monasterio de Montserrat; Parque Natural Cad\u00ed-Moixer\u00f3; Parque Natural de Montserrat; Parque Natural del Montseny; playas del Garraf; playas del Maresme; y restaurantes Sant Pau y Rac\u00f3 de Can Fabes.<\/p>\n<p><a type=\"button_count\" name=\"fb_share\"><\/a><\/p>\n<p><script src=\"http:\/\/static.ak.fbcdn.net\/connect.php\/js\/FB.Share\" type=\"text\/javascript\"><\/script><\/p>\n<p><a class=\"twitter-share-button\" data-text=\"Info de Comunicatur\" data-lang=\"es\" data-count=\"horizontal\" href=\"http:\/\/twitter.com\/share\" target=\"_blank\" rel=\"noopener\">Tweet<\/a><\/p>\n<p><script type=\"text\/javascript\" src=\"http:\/\/platform.twitter.com\/widgets.js\"><\/script><\/p>\n","protected":false},"excerpt":{"rendered":"<p>Con la marca tur\u00edstica &#8216;Barcelona es mucho m\u00e1s&#8217;, la Diputaci\u00f3n de Barcelona pretende aumentar un 30% el n\u00famero de turistas y un 21% el de excursionistas y generar activado econ\u00f3mica a la provincia.<\/p>\n","protected":false},"author":1,"featured_media":0,"comment_status":"close","ping_status":"open","sticky":false,"template":"","format":"standard","meta":[],"categories":[19],"tags":[],"_links":{"self":[{"href":"https:\/\/www.comunicatur.info\/es\/wp-json\/wp\/v2\/posts\/3676"}],"collection":[{"href":"https:\/\/www.comunicatur.info\/es\/wp-json\/wp\/v2\/posts"}],"about":[{"href":"https:\/\/www.comunicatur.info\/es\/wp-json\/wp\/v2\/types\/post"}],"author":[{"embeddable":true,"href":"https:\/\/www.comunicatur.info\/es\/wp-json\/wp\/v2\/users\/1"}],"replies":[{"embeddable":true,"href":"https:\/\/www.comunicatur.info\/es\/wp-json\/wp\/v2\/comments?post=3676"}],"version-history":[{"count":0,"href":"https:\/\/www.comunicatur.info\/es\/wp-json\/wp\/v2\/posts\/3676\/revisions"}],"wp:attachment":[{"href":"https:\/\/www.comunicatur.info\/es\/wp-json\/wp\/v2\/media?parent=3676"}],"wp:term":[{"taxonomy":"category","embeddable":true,"href":"https:\/\/www.comunicatur.info\/es\/wp-json\/wp\/v2\/categories?post=3676"},{"taxonomy":"post_tag","embeddable":true,"href":"https:\/\/www.comunicatur.info\/es\/wp-json\/wp\/v2\/tags?post=3676"}],"curies":[{"name":"wp","href":"https:\/\/api.w.org\/{rel}","templated":true}]}}