{"id":3666,"date":"2012-01-19T00:00:00","date_gmt":"2012-01-19T00:00:00","guid":{"rendered":"https:\/\/comunicatur.info\/barcelona-continua-batent-records-turistics-2\/"},"modified":"2012-01-19T00:00:00","modified_gmt":"2012-01-19T00:00:00","slug":"barcelona-continua-batent-records-turistics-2","status":"publish","type":"post","link":"https:\/\/www.comunicatur.info\/es\/barcelona-continua-batent-records-turistics-2\/","title":{"rendered":"Barcelona contin\u00faa batiendo r\u00e9cords tur\u00edsticos"},"content":{"rendered":"<p>La ciudad de Barcelona ha batido su r\u00e9cord tur\u00edstico cerrando 2011 con 7.450.000 turistas (+ 4,4 %), 15,8 millones de pernoctaciones (+12,5%) y una ocupaci\u00f3n del 78,3%.<\/p>\n<p><\/p>\n<p>Los estadounidenses han sido el primer mercado emisor (+12,2%), seguido de franceses, italianos y brit\u00e1nicos. Destaca el crecimiento de rusos (+51,2%) y la presencia cada vez m\u00e1s habitual de chinos.<\/p>\n<p>Desde Turismo de Barcelona han destacado la importancia de estos incrementos en una situaci\u00f3n como la actual as\u00ed como el crecimiento de la ocupaci\u00f3n hotelera a pesar de que tambi\u00e9n ha aumentado la capacidad de acogida un 2,4 %, hasta un total de 63.457 plazas.<\/p>\n<p>Esta buena afluencia tur\u00edstica tambi\u00e9n ha permitido un crecimiento de los usuarios de equipamientos culturales, que han subido un 4,4 % y han llegado a los 27,8 millones.<\/p>\n<p><a type=\"button_count\" name=\"fb_share\"><\/a><\/p>\n<p><script src=\"http:\/\/static.ak.fbcdn.net\/connect.php\/js\/FB.Share\" type=\"text\/javascript\"><\/script><\/p>\n<p><a class=\"twitter-share-button\" data-text=\"Info de Comunicatur\" data-lang=\"es\" data-count=\"horizontal\" href=\"http:\/\/twitter.com\/share\" target=\"_blank\" rel=\"noopener\">Tweet<\/a><\/p>\n<p><script type=\"text\/javascript\" src=\"http:\/\/platform.twitter.com\/widgets.js\"><\/script><\/p>\n","protected":false},"excerpt":{"rendered":"<p>La ciudad de Barcelona ha batido su r\u00e9cord tur\u00edstico cerrando 2011 con 7.450.000 turistas (+ 4,4 %), 15,8 millones de pernoctaciones (+12,5%) y una ocupaci\u00f3n del 78,3%.<\/p>\n","protected":false},"author":1,"featured_media":0,"comment_status":"close","ping_status":"open","sticky":false,"template":"","format":"standard","meta":[],"categories":[19],"tags":[],"_links":{"self":[{"href":"https:\/\/www.comunicatur.info\/es\/wp-json\/wp\/v2\/posts\/3666"}],"collection":[{"href":"https:\/\/www.comunicatur.info\/es\/wp-json\/wp\/v2\/posts"}],"about":[{"href":"https:\/\/www.comunicatur.info\/es\/wp-json\/wp\/v2\/types\/post"}],"author":[{"embeddable":true,"href":"https:\/\/www.comunicatur.info\/es\/wp-json\/wp\/v2\/users\/1"}],"replies":[{"embeddable":true,"href":"https:\/\/www.comunicatur.info\/es\/wp-json\/wp\/v2\/comments?post=3666"}],"version-history":[{"count":0,"href":"https:\/\/www.comunicatur.info\/es\/wp-json\/wp\/v2\/posts\/3666\/revisions"}],"wp:attachment":[{"href":"https:\/\/www.comunicatur.info\/es\/wp-json\/wp\/v2\/media?parent=3666"}],"wp:term":[{"taxonomy":"category","embeddable":true,"href":"https:\/\/www.comunicatur.info\/es\/wp-json\/wp\/v2\/categories?post=3666"},{"taxonomy":"post_tag","embeddable":true,"href":"https:\/\/www.comunicatur.info\/es\/wp-json\/wp\/v2\/tags?post=3666"}],"curies":[{"name":"wp","href":"https:\/\/api.w.org\/{rel}","templated":true}]}}