{"id":3650,"date":"2012-01-17T00:00:00","date_gmt":"2012-01-17T00:00:00","guid":{"rendered":"https:\/\/comunicatur.info\/les-cases-fonda-estrenen-web-i-projecte-2\/"},"modified":"2012-01-17T00:00:00","modified_gmt":"2012-01-17T00:00:00","slug":"les-cases-fonda-estrenen-web-i-projecte-2","status":"publish","type":"post","link":"https:\/\/www.comunicatur.info\/es\/les-cases-fonda-estrenen-web-i-projecte-2\/","title":{"rendered":"Las Casas Fonda catalanas estrenan web y proyecto"},"content":{"rendered":"<p>La asociaci\u00f3n Fondes de Catalunya, con veinte a\u00f1os de trayectoria y con 29 fondas asociadas, ha renovado su web adapt\u00e1ndola al consumidor y a sus necesidades actuales y adem\u00e1s, inicia un proyecto relacionado con la gastronom\u00eda.<\/p>\n<p><\/p>\n<p>Manteniendo vivo el esp\u00edritu fondista, pero desde la plena integraci\u00f3n en los tiempos actuales, incorporando los adelantos m\u00e1s modernos y preservando la calidad de trato que las hace \u00fanicas, las fondas catalanas han mejorado y renovado la web de la asociaci\u00f3n (www.casafonda.com) con una central de reservas on line que permite reservar alojamiento, restauraci\u00f3n y actividades en el territorio.<\/p>\n<p>La web incluye informaci\u00f3n gastron\u00f3mica, cultural y l\u00fadica a trav\u00e9s de una agenda que permite planificar y organizar las escapadas, visitas y excursiones a partir de las fondas repartidas por el territorio.<\/p>\n<p>Adem\u00e1s, la asociaci\u00f3n acaba de firmar un convenio con la Direcci\u00f3n General de Turismo para poner en marcha una prueba piloto de implementaci\u00f3n del proyecto de especialidad gastron\u00f3mica en establecimientos hoteleros catalanes en el que participar\u00e1n entre quince y veinte fondas.<\/p>\n<p>El objetivo de la nueva especialidad es distinguir aquellos establecimientos hoteleros que, como las fondas catalanas, toman como referencia la gastronom\u00eda catalana, ya sea en base a la cocina tradicional o bien a la cocina creativa, y se caracterizan por la familiaridad de sus servicios, una atenci\u00f3n personalizada y los lazos con el territorio d\u00f3nde se ubica y con su entorno.<\/p>\n<p>La oferta gastron\u00f3mica se deber\u00e1 vincular a los productos aut\u00f3ctonos y de proximidad, y el establecimiento garantizar\u00e1 el conocimiento suficiente en relaci\u00f3n a estos productos y a la realidad cultural de su entorno.<\/p>\n<p>La presidenta de la asociaci\u00f3n Fondes de Catalunya, Mariona Isern, se ha mostrado muy satisfecha ante este proyecto y ha asegurado que \u201ces una gran oportunidad para los fondistas y un reconocimiento a este oficio ancestral y tan aut\u00f3ctono que necesita de tanta vocaci\u00f3n y dedicaci\u00f3n\u201d.<\/p>\n<p><a type=\"button_count\" name=\"fb_share\"><\/a><\/p>\n<p><script src=\"http:\/\/static.ak.fbcdn.net\/connect.php\/js\/FB.Share\" type=\"text\/javascript\"><\/script><\/p>\n<p><a class=\"twitter-share-button\" data-text=\"Info de Comunicatur\" data-lang=\"es\" data-count=\"horizontal\" href=\"http:\/\/twitter.com\/share\" target=\"_blank\" rel=\"noopener\">Tweet<\/a><\/p>\n<p><script type=\"text\/javascript\" src=\"http:\/\/platform.twitter.com\/widgets.js\"><\/script><\/p>\n","protected":false},"excerpt":{"rendered":"<p>La asociaci\u00f3n Fondes de Catalunya, con veinte a\u00f1os de trayectoria y con 29 fondas asociadas, ha renovado su web adapt\u00e1ndola al consumidor y a sus necesidades actuales y adem\u00e1s, inicia un proyecto relacionado con la gastronom\u00eda.<\/p>\n","protected":false},"author":1,"featured_media":0,"comment_status":"close","ping_status":"open","sticky":false,"template":"","format":"standard","meta":[],"categories":[26],"tags":[],"_links":{"self":[{"href":"https:\/\/www.comunicatur.info\/es\/wp-json\/wp\/v2\/posts\/3650"}],"collection":[{"href":"https:\/\/www.comunicatur.info\/es\/wp-json\/wp\/v2\/posts"}],"about":[{"href":"https:\/\/www.comunicatur.info\/es\/wp-json\/wp\/v2\/types\/post"}],"author":[{"embeddable":true,"href":"https:\/\/www.comunicatur.info\/es\/wp-json\/wp\/v2\/users\/1"}],"replies":[{"embeddable":true,"href":"https:\/\/www.comunicatur.info\/es\/wp-json\/wp\/v2\/comments?post=3650"}],"version-history":[{"count":0,"href":"https:\/\/www.comunicatur.info\/es\/wp-json\/wp\/v2\/posts\/3650\/revisions"}],"wp:attachment":[{"href":"https:\/\/www.comunicatur.info\/es\/wp-json\/wp\/v2\/media?parent=3650"}],"wp:term":[{"taxonomy":"category","embeddable":true,"href":"https:\/\/www.comunicatur.info\/es\/wp-json\/wp\/v2\/categories?post=3650"},{"taxonomy":"post_tag","embeddable":true,"href":"https:\/\/www.comunicatur.info\/es\/wp-json\/wp\/v2\/tags?post=3650"}],"curies":[{"name":"wp","href":"https:\/\/api.w.org\/{rel}","templated":true}]}}