{"id":3610,"date":"2012-01-18T00:00:00","date_gmt":"2012-01-18T00:00:00","guid":{"rendered":"https:\/\/comunicatur.info\/la-pagesia-i-els-maquis-ja-tenen-museu-2\/"},"modified":"2012-01-18T00:00:00","modified_gmt":"2012-01-18T00:00:00","slug":"la-pagesia-i-els-maquis-ja-tenen-museu-2","status":"publish","type":"post","link":"https:\/\/www.comunicatur.info\/es\/la-pagesia-i-els-maquis-ja-tenen-museu-2\/","title":{"rendered":"La payes\u00eda y los maquis ya tienen museo"},"content":{"rendered":"<p>Recientemente acaban de abrir las puertas dos nuevos museos en Catalu\u00f1a: el Museo de la Payes\u00eda, en Santa Susanna (Maresme), y el Museo de los Maquis, en Castellnou de Bages (Catalunya Central.<\/p>\n<p><\/p>\n<p>La historia de Santa Susanna est\u00e1 muy ligada al mundo del campesinado puesto que hacia el siglo XII, muchos labradores se instalaron en las tierras alejadas de la playa, aptas para el cultivo y, adem\u00e1s, ofrec\u00edan resguardo ante los ataques de los piratas.<\/p>\n<p>El Museo del Campesinado utiliza el entorno, la imagen y las nuevas tecnolog\u00edas para conocer el trabajo, la transformaci\u00f3n del paisaje, as\u00ed como el aprovechamiento de la tierra por el hombre como medio de subsistencia a trav\u00e9s de la vida tradicional del labrador.<\/p>\n<p>En el Bages, el nuevo museo dedicado a los maquis explica los hechos m\u00e1s relevantes del contexto hist\u00f3rico a partir de la vida del \u00faltimo maqui catal\u00e1n, Ramon Vila i Capdevila, conocido popularmente como &#8216;Caracremada&#8217;. El objetivo de este espacio es recordar la historia de estos grupos armados que nacieron tras la Guerra Civil para oponerse a la institucionalizaci\u00f3n del r\u00e9gimen franquista.<\/p>\n<p>El museo se integra dentro la Red de Espacios de Memoria del Memorial Democr\u00e1tico de la Generalitat de Catalunya y ampl\u00eda la oferta de turismo cultural del territorio.<\/p>\n<p><a type=\"button_count\" name=\"fb_share\"><\/a><\/p>\n<p><script src=\"http:\/\/static.ak.fbcdn.net\/connect.php\/js\/FB.Share\" type=\"text\/javascript\"><\/script><\/p>\n<p><a class=\"twitter-share-button\" data-text=\"Info de Comunicatur\" data-lang=\"es\" data-count=\"horizontal\" href=\"http:\/\/twitter.com\/share\" target=\"_blank\" rel=\"noopener\">Tweet<\/a><\/p>\n<p><script type=\"text\/javascript\" src=\"http:\/\/platform.twitter.com\/widgets.js\"><\/script> <\/p>\n","protected":false},"excerpt":{"rendered":"<p>Recientemente acaban de abrir las puertas dos nuevos museos en Catalu\u00f1a: el Museo de la Payes\u00eda, en Santa Susanna (Maresme), y el Museo de los Maquis, en Castellnou de Bages (Catalunya Central.<\/p>\n","protected":false},"author":1,"featured_media":0,"comment_status":"close","ping_status":"open","sticky":false,"template":"","format":"standard","meta":[],"categories":[19],"tags":[],"_links":{"self":[{"href":"https:\/\/www.comunicatur.info\/es\/wp-json\/wp\/v2\/posts\/3610"}],"collection":[{"href":"https:\/\/www.comunicatur.info\/es\/wp-json\/wp\/v2\/posts"}],"about":[{"href":"https:\/\/www.comunicatur.info\/es\/wp-json\/wp\/v2\/types\/post"}],"author":[{"embeddable":true,"href":"https:\/\/www.comunicatur.info\/es\/wp-json\/wp\/v2\/users\/1"}],"replies":[{"embeddable":true,"href":"https:\/\/www.comunicatur.info\/es\/wp-json\/wp\/v2\/comments?post=3610"}],"version-history":[{"count":0,"href":"https:\/\/www.comunicatur.info\/es\/wp-json\/wp\/v2\/posts\/3610\/revisions"}],"wp:attachment":[{"href":"https:\/\/www.comunicatur.info\/es\/wp-json\/wp\/v2\/media?parent=3610"}],"wp:term":[{"taxonomy":"category","embeddable":true,"href":"https:\/\/www.comunicatur.info\/es\/wp-json\/wp\/v2\/categories?post=3610"},{"taxonomy":"post_tag","embeddable":true,"href":"https:\/\/www.comunicatur.info\/es\/wp-json\/wp\/v2\/tags?post=3610"}],"curies":[{"name":"wp","href":"https:\/\/api.w.org\/{rel}","templated":true}]}}