{"id":3589,"date":"2011-12-15T00:00:00","date_gmt":"2011-12-15T00:00:00","guid":{"rendered":"https:\/\/comunicatur.info\/el-cett-la-ub-i-la-fundacio-alicia-es-mobilitzen-per-la-marato-de-tv3-4\/"},"modified":"2011-12-15T00:00:00","modified_gmt":"2011-12-15T00:00:00","slug":"el-cett-la-ub-i-la-fundacio-alicia-es-mobilitzen-per-la-marato-de-tv3-4","status":"publish","type":"post","link":"https:\/\/www.comunicatur.info\/es\/el-cett-la-ub-i-la-fundacio-alicia-es-mobilitzen-per-la-marato-de-tv3-4\/","title":{"rendered":"CETT y Fundaci\u00f3n Alicia se movilizan por la Marat\u00f3 de TV3"},"content":{"rendered":"<p>Ferran Adri\u00e0 impartir\u00e1, el pr\u00f3ximo d\u00eda 15 de diciembre a las 12.00h en el Hotel Alimara del CETT, una m\u00e1ster class abierta al p\u00fablico para recaudar fondos a favor de la Marat\u00f3 de TV3. El acto contar\u00e1 con la colaboraci\u00f3n del presentador y periodista Albert Om. <\/p>\n<p>La Marat\u00f3 de TV3 es un proyecto solidario impulsado por Televisi\u00f3 de Catalunya y la Fundaci\u00f3 La Marat\u00f3 de TV3, enfocado a obtener recursos econ\u00f3micos para la investigaci\u00f3n cient\u00edfica de enfermedades que, en estos momentos, no tienen curaci\u00f3n definitiva. La edici\u00f3n de este a\u00f1o est\u00e1 dedicada a la regeneraci\u00f3n y el trasplante de \u00f3rganos y tejidos.<\/p>\n<p>Para el CETT, la Universidad de Barcelona y la Fundaci\u00f3 Alicia es tan importante la recaudaci\u00f3n econ\u00f3mica y la divulgaci\u00f3n cient\u00edfica, como la concienciaci\u00f3n y educaci\u00f3n solidaria de su alumnado y de la sociedad en general. <\/p>\n<p>Contar con el apoyo del sector tambi\u00e9n es fundamental, para ello se est\u00e1 llevando a cabo una amplia campa\u00f1a de difusi\u00f3n entre las empresas del sector hotelero, tur\u00edstico y gastron\u00f3mico, con el fin que se sumen y hagan suya esta iniciativa solidaria.<\/p>\n<p>Con el fin de recaudar fondos se ha abierto un n\u00famero de cuenta espec\u00edfico -Unnim 2059 0628 10 80-000558-54- para que todas aquellas personas y\/o empresas que lo deseen puedan suscribirse a la \u201cFila Cero\u201d y puedan hacer llegar su aportaci\u00f3n.<br \/>\nLos asistentes si lo prefieren podr\u00e1n hacer su libre donativo en unas urnas que se ubicaran a la entrada de la sala donde se celebrar\u00e1 la m\u00e1ster class.<\/p>\n<p><a type=\"button_count\" name=\"fb_share\"><\/a><\/p>\n<p><script src=\"http:\/\/static.ak.fbcdn.net\/connect.php\/js\/FB.Share\" type=\"text\/javascript\"><\/script><\/p>\n<p><a class=\"twitter-share-button\" data-text=\"Info de Comunicatur\" data-lang=\"es\" data-count=\"horizontal\" href=\"http:\/\/twitter.com\/share\" target=\"_blank\" rel=\"noopener\">Tweet<\/a><\/p>\n<p><script type=\"text\/javascript\" src=\"http:\/\/platform.twitter.com\/widgets.js\"><\/script><\/p>\n<p><center><img src=\"https:\/\/www.comunicatur.info\/cms\/images\/stories\/fotos\/maratotv3.jpg\" \/><\/center><\/p>\n<p><\/p>\n","protected":false},"excerpt":{"rendered":"<p>Ferran Adri\u00e0 impartir\u00e1, el pr\u00f3ximo d\u00eda 15 de diciembre a las 12.00h en el Hotel Alimara del CETT, una m\u00e1ster class abierta al p\u00fablico para recaudar fondos a favor de la Marat\u00f3 de TV3. El acto contar\u00e1 con la colaboraci\u00f3n del presentador y periodista Albert Om. <\/p>\n<p>La Marat\u00f3 de TV3 es un proyecto solidario impulsado por Televisi\u00f3 de Catalunya y la Fundaci\u00f3 La Marat\u00f3 de TV3, enfocado a obtener recursos econ\u00f3micos para la investigaci\u00f3n cient\u00edfica de enfermedades que, en estos momentos, no tienen curaci\u00f3n definitiva. La edici\u00f3n de este a\u00f1o est\u00e1 dedicada a la regeneraci\u00f3n y el trasplante de \u00f3rganos y tejidos.<\/p>\n<p>Para el CETT, la Universidad de Barcelona y la Fundaci\u00f3 Alicia es tan importante la recaudaci\u00f3n econ\u00f3mica y la divulgaci\u00f3n cient\u00edfica, como la concienciaci\u00f3n y educaci\u00f3n solidaria de su alumnado y de la sociedad en general. <\/p>\n<p>Contar con el apoyo del sector tambi\u00e9n es fundamental, para ello se est\u00e1 llevando a cabo una amplia campa\u00f1a de difusi\u00f3n entre las empresas del sector hotelero, tur\u00edstico y gastron\u00f3mico, con el fin que se sumen y hagan suya esta iniciativa solidaria.<\/p>\n<p>Con el fin de recaudar fondos se ha abierto un n\u00famero de cuenta espec\u00edfico -Unnim 2059 0628 10 80-000558-54- para que todas aquellas personas y\/o empresas que lo deseen puedan suscribirse a la \u201cFila Cero\u201d y puedan hacer llegar su aportaci\u00f3n.<br \/>\nLos asistentes si lo prefieren podr\u00e1n hacer su libre donativo en unas urnas que se ubicaran a la entrada de la sala donde se celebrar\u00e1 la m\u00e1ster class.<\/p>\n<p><a type=\"button_count\" name=\"fb_share\"><\/a><\/p>\n<p><script src=\"http:\/\/static.ak.fbcdn.net\/connect.php\/js\/FB.Share\" type=\"text\/javascript\"><\/script><\/p>\n<p><a class=\"twitter-share-button\" data-text=\"Info de Comunicatur\" data-lang=\"es\" data-count=\"horizontal\" href=\"http:\/\/twitter.com\/share\">Tweet<\/a><\/p>\n<p><script type=\"text\/javascript\" src=\"http:\/\/platform.twitter.com\/widgets.js\"><\/script><\/p>\n<p><center><img src=\"https:\/\/www.comunicatur.info\/cms\/images\/stories\/fotos\/maratotv3.jpg\" \/><\/center><\/p>\n","protected":false},"author":1,"featured_media":0,"comment_status":"close","ping_status":"open","sticky":false,"template":"","format":"standard","meta":[],"categories":[68],"tags":[],"_links":{"self":[{"href":"https:\/\/www.comunicatur.info\/es\/wp-json\/wp\/v2\/posts\/3589"}],"collection":[{"href":"https:\/\/www.comunicatur.info\/es\/wp-json\/wp\/v2\/posts"}],"about":[{"href":"https:\/\/www.comunicatur.info\/es\/wp-json\/wp\/v2\/types\/post"}],"author":[{"embeddable":true,"href":"https:\/\/www.comunicatur.info\/es\/wp-json\/wp\/v2\/users\/1"}],"replies":[{"embeddable":true,"href":"https:\/\/www.comunicatur.info\/es\/wp-json\/wp\/v2\/comments?post=3589"}],"version-history":[{"count":0,"href":"https:\/\/www.comunicatur.info\/es\/wp-json\/wp\/v2\/posts\/3589\/revisions"}],"wp:attachment":[{"href":"https:\/\/www.comunicatur.info\/es\/wp-json\/wp\/v2\/media?parent=3589"}],"wp:term":[{"taxonomy":"category","embeddable":true,"href":"https:\/\/www.comunicatur.info\/es\/wp-json\/wp\/v2\/categories?post=3589"},{"taxonomy":"post_tag","embeddable":true,"href":"https:\/\/www.comunicatur.info\/es\/wp-json\/wp\/v2\/tags?post=3589"}],"curies":[{"name":"wp","href":"https:\/\/api.w.org\/{rel}","templated":true}]}}