{"id":3582,"date":"2011-12-02T00:00:00","date_gmt":"2011-12-02T00:00:00","guid":{"rendered":"https:\/\/comunicatur.info\/el-repte-de-les-estacions-que-els-catalans-esquiin-a-catalunya-2\/"},"modified":"2011-12-02T00:00:00","modified_gmt":"2011-12-02T00:00:00","slug":"el-repte-de-les-estacions-que-els-catalans-esquiin-a-catalunya-2","status":"publish","type":"post","link":"https:\/\/www.comunicatur.info\/es\/el-repte-de-les-estacions-que-els-catalans-esquiin-a-catalunya-2\/","title":{"rendered":"El reto: que los catalanes esquien en Catalu\u00f1a"},"content":{"rendered":"<p>Las 16 estaciones de esqu\u00ed catalanas han invertido diez millones de euros para mejorar sus instalaciones de cara a la temporada de invierno. Vallter 2.000 y la Vall de N\u00faria son las primeras en estrenarse.<\/p>\n<p><\/p>\n<p>Las inversiones son la mitad que las del a\u00f1o pasado cuando super\u00f3 los 20 millones de euros. El presidente de la Asociaci\u00f3n Catalana de Estaciones de Esqu\u00ed y Monta\u00f1a (ACEM), Xavier Nolla, ha atribuido la ca\u00edda del gasto a la coyuntura econ\u00f3mica actual, y ha anunciado una \u00abpol\u00edtica conservadora con precios a la baja\u00bb para igualar el n\u00famero de esquiadores de la temporada anterior.<\/p>\n<p>Las estaciones apuestan por potenciar la proximidad y su diversidad para captar visitantes catalanes de perfiles diversos y evitar que se vayan a las estaciones vecinas. \u201cLa cuesti\u00f3n econ\u00f3mica no debe ser un problema, de hecho el precio del forfet es muy similar en las estaciones de Catalu\u00f1a, de Andorra y de Francia\u201d, ha explicado Nolla.<\/p>\n<p>Desde la Secretar\u00eda de Territorio y Movilidad, se ha garantizado la apertura de todas las estaciones catalanas pese a la crisis puesto que son un motor econ\u00f3mico del Pirineu. Seg\u00fan los datos presentados, la nieve genera 17.000 puestos de trabajo directos (actividades tur\u00edsticas y residenciales como por ejemplo las propias estaciones, hoteles y restauraci\u00f3n). La facturaci\u00f3n estimada es de entre 325 y 400 millones de euros anuales.<\/p>\n<p><a type=\"button_count\" name=\"fb_share\"><\/a><\/p>\n<p><script src=\"http:\/\/static.ak.fbcdn.net\/connect.php\/js\/FB.Share\" type=\"text\/javascript\"><\/script><\/p>\n<p><a class=\"twitter-share-button\" data-text=\"Info de Comunicatur\" data-lang=\"es\" data-count=\"horizontal\" href=\"http:\/\/twitter.com\/share\" target=\"_blank\" rel=\"noopener\">Tweet<\/a><\/p>\n<p><script type=\"text\/javascript\" src=\"http:\/\/platform.twitter.com\/widgets.js\"><\/script><\/p>\n","protected":false},"excerpt":{"rendered":"<p>Las 16 estaciones de esqu\u00ed catalanas han invertido diez millones de euros para mejorar sus instalaciones de cara a la temporada de invierno. Vallter 2.000 y la Vall de N\u00faria son las primeras en estrenarse.<\/p>\n","protected":false},"author":1,"featured_media":0,"comment_status":"close","ping_status":"open","sticky":false,"template":"","format":"standard","meta":[],"categories":[19],"tags":[],"_links":{"self":[{"href":"https:\/\/www.comunicatur.info\/es\/wp-json\/wp\/v2\/posts\/3582"}],"collection":[{"href":"https:\/\/www.comunicatur.info\/es\/wp-json\/wp\/v2\/posts"}],"about":[{"href":"https:\/\/www.comunicatur.info\/es\/wp-json\/wp\/v2\/types\/post"}],"author":[{"embeddable":true,"href":"https:\/\/www.comunicatur.info\/es\/wp-json\/wp\/v2\/users\/1"}],"replies":[{"embeddable":true,"href":"https:\/\/www.comunicatur.info\/es\/wp-json\/wp\/v2\/comments?post=3582"}],"version-history":[{"count":0,"href":"https:\/\/www.comunicatur.info\/es\/wp-json\/wp\/v2\/posts\/3582\/revisions"}],"wp:attachment":[{"href":"https:\/\/www.comunicatur.info\/es\/wp-json\/wp\/v2\/media?parent=3582"}],"wp:term":[{"taxonomy":"category","embeddable":true,"href":"https:\/\/www.comunicatur.info\/es\/wp-json\/wp\/v2\/categories?post=3582"},{"taxonomy":"post_tag","embeddable":true,"href":"https:\/\/www.comunicatur.info\/es\/wp-json\/wp\/v2\/tags?post=3582"}],"curies":[{"name":"wp","href":"https:\/\/api.w.org\/{rel}","templated":true}]}}