{"id":3578,"date":"2011-12-01T00:00:00","date_gmt":"2011-12-01T00:00:00","guid":{"rendered":"https:\/\/comunicatur.info\/picasso-segueix-inspirant-noves-propostes-turistiques-2\/"},"modified":"2011-12-01T00:00:00","modified_gmt":"2011-12-01T00:00:00","slug":"picasso-segueix-inspirant-noves-propostes-turistiques-2","status":"publish","type":"post","link":"https:\/\/www.comunicatur.info\/es\/picasso-segueix-inspirant-noves-propostes-turistiques-2\/","title":{"rendered":"Picasso sigue inspirando propuestas tur\u00edsticas"},"content":{"rendered":"<p>El Centro G\u00f3sol y Picasso y el Camino de Picasso, en el Bergued\u00e0, Lleida, aprovechan el paso del pintor por el territorio por sacar provecho tur\u00edstico.<\/p>\n<p><\/p>\n<p>El municipio leridano de G\u00f3sol, en la comarca del Bergued\u00e0, ha estrenado el nuevo Centro G\u00f3sol y Picasso, que acoge una colecci\u00f3n de reproducciones de las obras que Pablo Picasso pint\u00f3 durante su estancia en la poblaci\u00f3n el verano de 1906, adem\u00e1s de fotograf\u00edas de la \u00e9poca y una amplia colecci\u00f3n de libros sobre el pintor.<\/p>\n<p>Las m\u00e1s de 300 reproducciones de obras de arte que se atribuyen al periodo gosol\u00e0 del genial pintor malague\u00f1o se pueden ver al lado de objetos cotidianos y las fotograf\u00edas de la \u00e9poca.<\/p>\n<p>El Museo Picasso de Barcelona colabora con el centro cultural de G\u00f3sol para facilitar la puesta marcha de este equipamiento tanto en su vertiente cient\u00edfica y las relaciones internacionales como con la donaci\u00f3n de fondo bibliogr\u00e1fico y materiales para la realizaci\u00f3n de talleres. La inauguraci\u00f3n del nuevo edificio es la primera fase de un proyecto que incluye la actualizaci\u00f3n de las reproducciones, la generaci\u00f3n de material did\u00e1ctico y la organizaci\u00f3n de actividades.<\/p>\n<p><b>Ruta Picasso<\/p>\n<p><\/b><\/p>\n<p>Pablo Picasso y su compa\u00f1era Fernande Olivier se instalaron entre mayo y agosto de 1906 en la fonda Cal Tampanada de G\u00f3sol. Durante 11 semanas la gente y los paisajes de este rinc\u00f3n del Bergued\u00e0 inspiraron la obra del artista. Se ha creado una ruta de senderismo de 60 km que une Guardiola de Bergued\u00e0, donde el pintor malague\u00f1o lleg\u00f3 en tren de vapor, y Bellver de Cerdanya.<\/p>\n<p><P><b>De Picasso a Dal\u00ed<\/p>\n<p><\/b><\/p>\n<p>Otro genio de la pintura, Salvador Dal\u00ed, tambi\u00e9n es todo un revulsivo tur\u00edstico. Las visitas guiadas a la Figueres de Dal\u00ed han aumentado durante este verano pasado y han acogido cerca de 10.000 visitantes. Si bien la asistencia de catalanes se ha mantenido alrededor del millar, el n\u00famero de visitantes del resto de comunidades aut\u00f3nomas ha aumentado considerablemente. Madrile\u00f1os, valencianos y vascos son los m\u00e1s numerosos. Respecto a la presencia de extranjeros en las vistas guiadas, ha habido una ligera disminuci\u00f3n, compensada por el aumento de visitantes nacionales.<\/p>\n<p>En el caso de las visitas al municipio, destaca el p\u00fablico franc\u00e9s seguido ya por los turistas rusos que cada vez se interesan m\u00e1s por Figueres.<\/p>\n<p><a type=\"button_count\" name=\"fb_share\"><\/a><\/p>\n<p><script src=\"http:\/\/static.ak.fbcdn.net\/connect.php\/js\/FB.Share\" type=\"text\/javascript\"><\/script><\/p>\n<p><a class=\"twitter-share-button\" data-text=\"Info de Comunicatur\" data-lang=\"es\" data-count=\"horizontal\" href=\"http:\/\/twitter.com\/share\" target=\"_blank\" rel=\"noopener\">Tweet<\/a><\/p>\n<p><script type=\"text\/javascript\" src=\"http:\/\/platform.twitter.com\/widgets.js\"><\/script><\/p>\n","protected":false},"excerpt":{"rendered":"<p>El Centro G\u00f3sol y Picasso y el Camino de Picasso, en el Bergued\u00e0, Lleida, aprovechan el paso del pintor por el territorio por sacar provecho tur\u00edstico.<\/p>\n","protected":false},"author":1,"featured_media":0,"comment_status":"close","ping_status":"open","sticky":false,"template":"","format":"standard","meta":[],"categories":[19],"tags":[],"_links":{"self":[{"href":"https:\/\/www.comunicatur.info\/es\/wp-json\/wp\/v2\/posts\/3578"}],"collection":[{"href":"https:\/\/www.comunicatur.info\/es\/wp-json\/wp\/v2\/posts"}],"about":[{"href":"https:\/\/www.comunicatur.info\/es\/wp-json\/wp\/v2\/types\/post"}],"author":[{"embeddable":true,"href":"https:\/\/www.comunicatur.info\/es\/wp-json\/wp\/v2\/users\/1"}],"replies":[{"embeddable":true,"href":"https:\/\/www.comunicatur.info\/es\/wp-json\/wp\/v2\/comments?post=3578"}],"version-history":[{"count":0,"href":"https:\/\/www.comunicatur.info\/es\/wp-json\/wp\/v2\/posts\/3578\/revisions"}],"wp:attachment":[{"href":"https:\/\/www.comunicatur.info\/es\/wp-json\/wp\/v2\/media?parent=3578"}],"wp:term":[{"taxonomy":"category","embeddable":true,"href":"https:\/\/www.comunicatur.info\/es\/wp-json\/wp\/v2\/categories?post=3578"},{"taxonomy":"post_tag","embeddable":true,"href":"https:\/\/www.comunicatur.info\/es\/wp-json\/wp\/v2\/tags?post=3578"}],"curies":[{"name":"wp","href":"https:\/\/api.w.org\/{rel}","templated":true}]}}