{"id":3570,"date":"2011-11-25T00:00:00","date_gmt":"2011-11-25T00:00:00","guid":{"rendered":"https:\/\/comunicatur.info\/que-diu-el-partit-popular-que-fara-amb-el-sector-turistic-2\/"},"modified":"2011-11-25T00:00:00","modified_gmt":"2011-11-25T00:00:00","slug":"que-diu-el-partit-popular-que-fara-amb-el-sector-turistic-2","status":"publish","type":"post","link":"https:\/\/www.comunicatur.info\/es\/que-diu-el-partit-popular-que-fara-amb-el-sector-turistic-2\/","title":{"rendered":"\u00bfQu\u00e9 har\u00e1 el Partido Popular con el sector tur\u00edstico?"},"content":{"rendered":"<p>Tras las elecciones generales del 20 de Noviembre recordamos las 10 medidas tur&iacute;sticas que el Partido Popular incorporaba en su programa electoral y que COMUNICATUR compendi&oacute; en un documento junto al resto de propuestas de las formaciones pol&iacute;ticas.<\/p>\n<p><\/p>\n<p><strong><u>Medidas del PP<\/u><\/strong> <\/p>\n<p><strong><em>1. <\/em><\/strong>Presentaremos un plan integral de turismo, que valore el sector como prioritario, mejore su fiscalidad y desarrolle pol&iacute;ticas trasversales entre todos los ministerios implicados en el sector. Para este objetivo buscaremos la colaboraci&oacute;n de las comunidades aut&oacute;nomas y la participaci&oacute;n del sector privado.<\/p>\n<p><strong><em>2. <\/em><\/strong>Simplificaremos la legislaci&oacute;n en materia de turismo y reduciremos sus cargas administrativas.<\/p>\n<p><strong><em>3. <\/em><\/strong>Mejoraremos el tratamiento fiscal de aquellas pymes tur&iacute;sticas que reinviertan sus beneficios en &aacute;mbitos que potencien su competitividad y la de los destinos tur&iacute;sticos.<\/p>\n<p><strong><em>4. <\/em><\/strong>Aceleraremos las actuaciones del plan del turismo 2020, poniendo especial &eacute;nfasis en el aumento de la calidad del servicio para mejorar nuestra competencia con respecto a otros destinos. Potenciaremos la marca Espa&ntilde;a como referente de una oferta tur&iacute;stica de calidad.<\/p>\n<p><strong><em>5. <\/em><\/strong>Favoreceremos una reconversi&oacute;n integral de zonas tur&iacute;sticas maduras y degradadas, basada en la calidad y la sostenibilidad, redise&ntilde;ando el entorno y la oferta principal y complementaria.<\/p>\n<p><strong><em>6. <\/em><\/strong>Impulsaremos el desarrollo tecnol&oacute;gico de las pymes tur&iacute;sticas, y fomentaremos la utilizaci&oacute;n de las TIC en el sector para facilitar la comercializaci&oacute;n de sus productos y aumentar su competitividad.<\/p>\n<p><strong><em>7. <\/em><\/strong>Desarrollaremos, en colaboraci&oacute;n con el sector privado, planes espec&iacute;ficos de desarrollo y promoci&oacute;n de formas de turismo con alto potencial desestacionalizador como el turismo cultural, de naturaleza, el n&aacute;utico, el deportivo, el ecuestre, el cineg&eacute;tico, el gastron&oacute;mico y enol&oacute;gico, o el turismo de golf.<\/p>\n<p><strong><em>8.<\/em><\/strong> Mejoraremos y facilitaremos los tr&aacute;mites en los Consulados de Espa&ntilde;a en pa&iacute;ses potencialmente emisores de turistas, para agilizar la concesi&oacute;n de visados tur&iacute;sticos.<\/p>\n<p><strong><em>9. <\/em><\/strong>Potenciaremos la imagen de Espa&ntilde;a como destino tur&iacute;stico de calidad, modernizando y mejorando la red de oficinas de turismo de Espa&ntilde;a en el exterior. Apostaremos por la celebraci&oacute;n de grandes acontecimientos culturales y deportivos en Espa&ntilde;a. Promocionaremos en el extranjero la marca Paradores Nacionales de turismo.<\/p>\n<p><strong><em>10. <\/em><\/strong>Incrementaremos la percepci&oacute;n de seguridad como factor indispensable para el mantenimiento del turismo de calidad y perseguiremos el vandalismo en las zonas tur&iacute;sticas.<\/p>\n<p><a href=\"https:\/\/www.comunicatur.info\/cms\/images\/stories\/documents\/programes20n_2011.pdf\">Consulta el documento resumen de los programas electorales<\/a><\/p>\n<p><a type=\"button_count\" name=\"fb_share\"><\/a><\/p>\n<p><script src=\"http:\/\/static.ak.fbcdn.net\/connect.php\/js\/FB.Share\" type=\"text\/javascript\"><\/script><\/p>\n<p><a class=\"twitter-share-button\" data-text=\"Info de Comunicatur\" data-lang=\"es\" data-count=\"horizontal\" href=\"http:\/\/twitter.com\/share\" target=\"_blank\" rel=\"noopener\">Tweet<\/a><\/p>\n<p><script type=\"text\/javascript\" src=\"http:\/\/platform.twitter.com\/widgets.js\"><\/script><\/p>\n","protected":false},"excerpt":{"rendered":"<p>Tras las elecciones generales del 20 de Noviembre recordamos las 10 medidas tur&iacute;sticas que el Partido Popular incorporaba en su programa electoral y que COMUNICATUR compendi&oacute; en un documento junto al resto de propuestas de las formaciones pol&iacute;ticas.<\/p>\n","protected":false},"author":1,"featured_media":0,"comment_status":"close","ping_status":"open","sticky":false,"template":"","format":"standard","meta":[],"categories":[18],"tags":[],"_links":{"self":[{"href":"https:\/\/www.comunicatur.info\/es\/wp-json\/wp\/v2\/posts\/3570"}],"collection":[{"href":"https:\/\/www.comunicatur.info\/es\/wp-json\/wp\/v2\/posts"}],"about":[{"href":"https:\/\/www.comunicatur.info\/es\/wp-json\/wp\/v2\/types\/post"}],"author":[{"embeddable":true,"href":"https:\/\/www.comunicatur.info\/es\/wp-json\/wp\/v2\/users\/1"}],"replies":[{"embeddable":true,"href":"https:\/\/www.comunicatur.info\/es\/wp-json\/wp\/v2\/comments?post=3570"}],"version-history":[{"count":0,"href":"https:\/\/www.comunicatur.info\/es\/wp-json\/wp\/v2\/posts\/3570\/revisions"}],"wp:attachment":[{"href":"https:\/\/www.comunicatur.info\/es\/wp-json\/wp\/v2\/media?parent=3570"}],"wp:term":[{"taxonomy":"category","embeddable":true,"href":"https:\/\/www.comunicatur.info\/es\/wp-json\/wp\/v2\/categories?post=3570"},{"taxonomy":"post_tag","embeddable":true,"href":"https:\/\/www.comunicatur.info\/es\/wp-json\/wp\/v2\/tags?post=3570"}],"curies":[{"name":"wp","href":"https:\/\/api.w.org\/{rel}","templated":true}]}}