{"id":3559,"date":"2011-11-22T00:00:00","date_gmt":"2011-11-22T00:00:00","guid":{"rendered":"https:\/\/comunicatur.info\/lloret-acull-el-congres-anual-de-periodistes-turistics-francesos-2\/"},"modified":"2011-11-22T00:00:00","modified_gmt":"2011-11-22T00:00:00","slug":"lloret-acull-el-congres-anual-de-periodistes-turistics-francesos-2","status":"publish","type":"post","link":"https:\/\/www.comunicatur.info\/es\/lloret-acull-el-congres-anual-de-periodistes-turistics-francesos-2\/","title":{"rendered":"Lloret acoge el congreso anual de periodistas tur\u00edsticos franceses"},"content":{"rendered":"<p>La Asociaci\u00f3n de Periodistas Tur\u00edsticos de Francia ha escogido Lloret de Mar para celebrar su asamblea general anual, una oportunidad para poner en valor los activos tur\u00edsticos y potencialidades de Lloret y de la Costa Brava en el mercado emisor franc\u00e9s que es el principal mercado para la Costa Brava.<\/p>\n<p>La asociaci\u00f3n francesa escogi\u00f3 el mes de julio la sede para celebrar el congreso anual que re\u00fane a un centenar de periodistas. La candidatura de Lloret fue la m\u00e1s atractiva gracias a la combinaci\u00f3n de destino tur\u00edstico con oferta diversa y una adecuada infraestructura para acoger congresos y convenciones.<\/p>\n<p>Desde el territorio han aprovechado el acontecimiento para organizar visitas promocionales para que los periodistas descubran y ampl\u00eden conocimientos sobre la Costa Brava. Entre las visitas tematizadas se muestra la Costa Brava Panor\u00e1mica, el tri\u00e1ngulo Daliniano, la enogastronom\u00eda y los caminos de ronda y nordic-walking.<\/p>\n<p>El presidente del Patronato de Turismo Costa Brava Girona, Jaume Torramad\u00e9, ha valorado esta acci\u00f3n como una oportunidad para \u00abmostrar a nuestros invitados, con hechos, como el destino se reinventa y se diferencia de otros destinos mediterr\u00e1neos gracias a la diversidad en oferta y productos tur\u00edsticos, y a la calidad de nuestros servicios\u00bb.<\/p>\n<p>Esta acci\u00f3n ha sido fruto de la colaboraci\u00f3n entre Lloret Turismo, el Patronato de Turismo Costa Brava Girona, la Agencia Catalana de Turismo y la Oficina espa\u00f1ola de turismo de Par\u00eds. <\/p>\n<p>Entre los medios de comunicaci\u00f3n que han participado en el congreso hay publicaciones como Le Quotidien du Tourisme, Meet and Travel Mag, Le Monde du Camping Car, I-Voyages, Trek Magazine, L&#8217;Echo Touristique, Pleine Vie, H\u00f4tel et Lodge, Voyages d&#8217;Affaires, Paris Turf, Golf Europ\u00e9en, TourMag.com, Infotravel.fr, Votre Beaut\u00e9, etc. <i>\/Noticia Lloret Turisme<\/i><\/p>\n<p><a type=\"button_count\" name=\"fb_share\"><\/a><\/p>\n<p><script src=\"http:\/\/static.ak.fbcdn.net\/connect.php\/js\/FB.Share\" type=\"text\/javascript\"><\/script><\/p>\n<p><a class=\"twitter-share-button\" data-text=\"Info de Comunicatur\" data-lang=\"es\" data-count=\"horizontal\" href=\"http:\/\/twitter.com\/share\" target=\"_blank\" rel=\"noopener\">Tweet<\/a><\/p>\n<p><script type=\"text\/javascript\" src=\"http:\/\/platform.twitter.com\/widgets.js\"><\/script><\/p>\n","protected":false},"excerpt":{"rendered":"<p>La Asociaci\u00f3n de Periodistas Tur\u00edsticos de Francia ha escogido Lloret de Mar para celebrar su asamblea general anual, una oportunidad para poner en valor los activos tur\u00edsticos y potencialidades de Lloret y de la Costa Brava en el mercado emisor franc\u00e9s que es el principal mercado para la Costa Brava.<\/p>\n","protected":false},"author":1,"featured_media":0,"comment_status":"close","ping_status":"open","sticky":false,"template":"","format":"standard","meta":[],"categories":[49],"tags":[],"_links":{"self":[{"href":"https:\/\/www.comunicatur.info\/es\/wp-json\/wp\/v2\/posts\/3559"}],"collection":[{"href":"https:\/\/www.comunicatur.info\/es\/wp-json\/wp\/v2\/posts"}],"about":[{"href":"https:\/\/www.comunicatur.info\/es\/wp-json\/wp\/v2\/types\/post"}],"author":[{"embeddable":true,"href":"https:\/\/www.comunicatur.info\/es\/wp-json\/wp\/v2\/users\/1"}],"replies":[{"embeddable":true,"href":"https:\/\/www.comunicatur.info\/es\/wp-json\/wp\/v2\/comments?post=3559"}],"version-history":[{"count":0,"href":"https:\/\/www.comunicatur.info\/es\/wp-json\/wp\/v2\/posts\/3559\/revisions"}],"wp:attachment":[{"href":"https:\/\/www.comunicatur.info\/es\/wp-json\/wp\/v2\/media?parent=3559"}],"wp:term":[{"taxonomy":"category","embeddable":true,"href":"https:\/\/www.comunicatur.info\/es\/wp-json\/wp\/v2\/categories?post=3559"},{"taxonomy":"post_tag","embeddable":true,"href":"https:\/\/www.comunicatur.info\/es\/wp-json\/wp\/v2\/tags?post=3559"}],"curies":[{"name":"wp","href":"https:\/\/api.w.org\/{rel}","templated":true}]}}