{"id":3543,"date":"2011-11-15T00:00:00","date_gmt":"2011-11-15T00:00:00","guid":{"rendered":"https:\/\/comunicatur.info\/balnecat-la-marca-turistica-dels-balnearis-2\/"},"modified":"2011-11-15T00:00:00","modified_gmt":"2011-11-15T00:00:00","slug":"balnecat-la-marca-turistica-dels-balnearis-2","status":"publish","type":"post","link":"https:\/\/www.comunicatur.info\/es\/balnecat-la-marca-turistica-dels-balnearis-2\/","title":{"rendered":"Balnecat: marca tur\u00edstica de los balnearios catalanes"},"content":{"rendered":"<p>Los balnearios catalanes han presentado la marca tur\u00edstica bajo la cual llevar\u00e1n a cabo su promoci\u00f3n, comunicaci\u00f3n y comercializaci\u00f3n: Balnecat.<\/p>\n<p><\/p>\n<p>Balnecat integra 15 balnearios de Catalu\u00f1a y Andorra con el fin de reinventar el termalismo catal\u00e1n y asegurar su futuro.<\/p>\n<p>El director de Balnecat, Joan Angl\u00ed, explica que \u201cla nueva marca representa la uni\u00f3n de esfuerzos individuales en un momento complicado y es una herramienta de trabajo conjunta de los balnearios, que buscan trabajar en estrecha colaboraci\u00f3n con el sector p\u00fablico y convertirse en referente del termalismo en Catalu\u00f1a\u201d.<\/p>\n<p>Una de las primeras herramientas de Balnecat es la web <a href=\"http:\/\/www.balnecat.com\" target=\"_blank\" rel=\"noopener\">www.balnecat.com<\/a>, desde d\u00f3nde se pueden realizar reservas a todos los balnearios que forman parte de la iniciativa, as\u00ed como estar al d\u00eda de las \u00faltimas noticias y novedades del sector.<\/p>\n<p>El portal termal incorpora las redes sociales (facebook, twitter, bloque) y crea la primera red social termal catalana.<\/p>\n<p><a type=\"button_count\" name=\"fb_share\"><\/a><\/p>\n<p><script src=\"http:\/\/static.ak.fbcdn.net\/connect.php\/js\/FB.Share\" type=\"text\/javascript\"><\/script><\/p>\n<p><a class=\"twitter-share-button\" data-text=\"Info de Comunicatur\" data-lang=\"es\" data-count=\"horizontal\" href=\"http:\/\/twitter.com\/share\" target=\"_blank\" rel=\"noopener\">Tweet<\/a><\/p>\n<p><script type=\"text\/javascript\" src=\"http:\/\/platform.twitter.com\/widgets.js\"><\/script><\/p>\n","protected":false},"excerpt":{"rendered":"<p>Los balnearios catalanes han presentado la marca tur\u00edstica bajo la cual llevar\u00e1n a cabo su promoci\u00f3n, comunicaci\u00f3n y comercializaci\u00f3n: Balnecat.<\/p>\n","protected":false},"author":1,"featured_media":0,"comment_status":"close","ping_status":"open","sticky":false,"template":"","format":"standard","meta":[],"categories":[41],"tags":[],"_links":{"self":[{"href":"https:\/\/www.comunicatur.info\/es\/wp-json\/wp\/v2\/posts\/3543"}],"collection":[{"href":"https:\/\/www.comunicatur.info\/es\/wp-json\/wp\/v2\/posts"}],"about":[{"href":"https:\/\/www.comunicatur.info\/es\/wp-json\/wp\/v2\/types\/post"}],"author":[{"embeddable":true,"href":"https:\/\/www.comunicatur.info\/es\/wp-json\/wp\/v2\/users\/1"}],"replies":[{"embeddable":true,"href":"https:\/\/www.comunicatur.info\/es\/wp-json\/wp\/v2\/comments?post=3543"}],"version-history":[{"count":0,"href":"https:\/\/www.comunicatur.info\/es\/wp-json\/wp\/v2\/posts\/3543\/revisions"}],"wp:attachment":[{"href":"https:\/\/www.comunicatur.info\/es\/wp-json\/wp\/v2\/media?parent=3543"}],"wp:term":[{"taxonomy":"category","embeddable":true,"href":"https:\/\/www.comunicatur.info\/es\/wp-json\/wp\/v2\/categories?post=3543"},{"taxonomy":"post_tag","embeddable":true,"href":"https:\/\/www.comunicatur.info\/es\/wp-json\/wp\/v2\/tags?post=3543"}],"curies":[{"name":"wp","href":"https:\/\/api.w.org\/{rel}","templated":true}]}}