{"id":3537,"date":"2011-11-10T00:00:00","date_gmt":"2011-11-10T00:00:00","guid":{"rendered":"https:\/\/comunicatur.info\/territori-de-masies-al-solsones-2\/"},"modified":"2011-11-10T00:00:00","modified_gmt":"2011-11-10T00:00:00","slug":"territori-de-masies-al-solsones-2","status":"publish","type":"post","link":"https:\/\/www.comunicatur.info\/es\/territori-de-masies-al-solsones-2\/","title":{"rendered":"\u00abTerritorio de mas\u00edas\u00bb, en el Solson\u00e8s"},"content":{"rendered":"<p>La iniciativa \u201cTerritorio de Mas\u00edas\u201d nace para dinamizar el territorio y la cultura del sur de la comarca leridana del Solson\u00e8s a partir del trabajo en red entre entidades culturales, iniciativas de turismo, de hosteler\u00eda, y agricultores y ganaderos de productos locales y de calidad.<\/p>\n<p><\/p>\n<p>El objetivo del proyecto es la consolidaci\u00f3n del sector tur\u00edstico de la zona, en un contexto adaptado al turismo familiar y cultural de proximidad. El carlismo, el barroco rural y la Catalu\u00f1a Antigua son sus ejes principales.<\/p>\n<p>Al proyecto, basado en criterios de singularidad, sostenibilidad e identidad, ya se han adherido unos 40 establecimientos y empresas.<\/p>\n<p>\u201cTerritorio de Mas\u00edas\u201d naci\u00f3 impulsado desde la sociedad civil, a trav\u00e9s de un proceso participativo denominado ACT\u00daA y coordinado por la Asociaci\u00f3n l\u2019Arada que se inici\u00f3 en 2007 y en el cual est\u00e1n involucradas las asociaciones culturales de la zona, la asociaci\u00f3n Turismo Rural del Solson\u00e8s, diferentes entidades profesionales, asociaciones de propietarios forestales y los ayuntamientos de Pin\u00f3s, la Molsosa, Pinell del Solson\u00e8s, Riner, Clariana de Cardener y Llobera.<\/p>\n<p><a type=\"button_count\" name=\"fb_share\"><\/a><\/p>\n<p><script src=\"http:\/\/static.ak.fbcdn.net\/connect.php\/js\/FB.Share\" type=\"text\/javascript\"><\/script><\/p>\n<p><a class=\"twitter-share-button\" data-text=\"Info de Comunicatur\" data-lang=\"es\" data-count=\"horizontal\" href=\"http:\/\/twitter.com\/share\" target=\"_blank\" rel=\"noopener\">Tweet<\/a><\/p>\n<p><script type=\"text\/javascript\" src=\"http:\/\/platform.twitter.com\/widgets.js\"><\/script><\/p>\n","protected":false},"excerpt":{"rendered":"<p>La iniciativa \u201cTerritorio de Mas\u00edas\u201d nace para dinamizar el territorio y la cultura del sur de la comarca leridana del Solson\u00e8s a partir del trabajo en red entre entidades culturales, iniciativas de turismo, de hosteler\u00eda, y agricultores y ganaderos de productos locales y de calidad.<\/p>\n","protected":false},"author":1,"featured_media":0,"comment_status":"close","ping_status":"open","sticky":false,"template":"","format":"standard","meta":[],"categories":[19],"tags":[],"_links":{"self":[{"href":"https:\/\/www.comunicatur.info\/es\/wp-json\/wp\/v2\/posts\/3537"}],"collection":[{"href":"https:\/\/www.comunicatur.info\/es\/wp-json\/wp\/v2\/posts"}],"about":[{"href":"https:\/\/www.comunicatur.info\/es\/wp-json\/wp\/v2\/types\/post"}],"author":[{"embeddable":true,"href":"https:\/\/www.comunicatur.info\/es\/wp-json\/wp\/v2\/users\/1"}],"replies":[{"embeddable":true,"href":"https:\/\/www.comunicatur.info\/es\/wp-json\/wp\/v2\/comments?post=3537"}],"version-history":[{"count":0,"href":"https:\/\/www.comunicatur.info\/es\/wp-json\/wp\/v2\/posts\/3537\/revisions"}],"wp:attachment":[{"href":"https:\/\/www.comunicatur.info\/es\/wp-json\/wp\/v2\/media?parent=3537"}],"wp:term":[{"taxonomy":"category","embeddable":true,"href":"https:\/\/www.comunicatur.info\/es\/wp-json\/wp\/v2\/categories?post=3537"},{"taxonomy":"post_tag","embeddable":true,"href":"https:\/\/www.comunicatur.info\/es\/wp-json\/wp\/v2\/tags?post=3537"}],"curies":[{"name":"wp","href":"https:\/\/api.w.org\/{rel}","templated":true}]}}