{"id":3516,"date":"2011-10-28T00:00:00","date_gmt":"2011-10-28T00:00:00","guid":{"rendered":"https:\/\/comunicatur.info\/neix-per-fi-la-costa-de-barcelona-2\/"},"modified":"2011-10-28T00:00:00","modified_gmt":"2011-10-28T00:00:00","slug":"neix-per-fi-la-costa-de-barcelona-2","status":"publish","type":"post","link":"https:\/\/www.comunicatur.info\/es\/neix-per-fi-la-costa-de-barcelona-2\/","title":{"rendered":"Nace, por fin, la Costa de Barcelona"},"content":{"rendered":"<p><P>Catalu\u00f1a dispone ya de una nueva marca tur\u00edstica que sustituye dos de las existentes: Costa de Garraf y Costa de Barcelona-Maresme. El objetivo es facilitar la promoci\u00f3n internacional de Catalu\u00f1a aprovechando la capacidad de atracci\u00f3n de Barcelona.<\/P><br \/><P>La nueva marca, aprobada por la Agencia Catalana de Turism (ACT), engloba las comarcas del Maresme, el Garraf, el Baix Llobregat y l\u2019Alt Pened\u00e8s. Naturaleza, playas, cavas, modernismo y termalismo son sus principales atractivos.<\/P><\/p>\n<p><P>La directora general de Turismo, Marian Muro, ha explicado que \u201cla propuesta de creaci\u00f3n de la marca Costa de Barcelona ven\u00eda impulsada por la Diputaci\u00f3n de Barcelona y avalada por parte del sector empresarial pero no dispon\u00eda del consenso de todos los \u00e1mbitos territoriales y asociativos. El anterior Gobierno dej\u00f3 pendiente esta decisi\u00f3n que ahora la Direcci\u00f3n General de Turismo ha podido desencallar encontrando el consenso, participaci\u00f3n y comprensi\u00f3n de todos\u201d.<\/P><\/p>\n<p><P>Seg\u00fan un estudio presentado por la Diputaci\u00f3n de Barcelona en el marco del pasado SITC, la Costa de Barcelona-Maresme representaba el cuarto destino en n\u00famero de plazas y Costa de Garraf, la sexta. La nueva marca recibir\u00eda m\u00e1s de 1,7 millones de turistas extranjeros y m\u00e1s de 15 millones de pernoctaciones, equipar\u00e1ndose a las cifras de la Costa Daurada, Mallorca, Tenerife y Costa del Sol.<\/P><\/p>\n<p><P>Respecto a la oferta alojativa, con cerca de 75.500 plazas, Costa de Barcelona se situar\u00eda por detr\u00e1s de la Costa Brava y la Costa Daurada, en Catalu\u00f1a; y al nivel de la Costa del Sol (76.300 plazas) y la Costa Blanca (63.271 plazas), en el resto de Espa\u00f1a.<\/P><\/p>\n<p><P>Catalu\u00f1a pasa ahora de tener diez a nueve marcas tur\u00edsticas: Costa Brava, Barcelona, Costa Daurada, Terres de l\u2019Ebre, Terres de Lleida, Catalunya Central, Val d\u2019Aran, Pirineus i la nueva Costa de Barcelona. La primera presentaci\u00f3n p\u00fablica de esta marca a escala internacional ser\u00e1 en la World Travel Market de Londres que se celebra del 7 al 11 de noviembre.<\/P><\/p>\n<p><a type=\"button_count\" name=\"fb_share\"><\/a><\/p>\n<p><script src=\"http:\/\/static.ak.fbcdn.net\/connect.php\/js\/FB.Share\" type=\"text\/javascript\"><\/script><\/p>\n<p><a class=\"twitter-share-button\" data-text=\"Info de Comunicatur\" data-lang=\"es\" data-count=\"horizontal\" href=\"http:\/\/twitter.com\/share\" target=\"_blank\" rel=\"noopener\">Tweet<\/a><\/p>\n<p><script type=\"text\/javascript\" src=\"http:\/\/platform.twitter.com\/widgets.js\"><\/script><\/p>\n","protected":false},"excerpt":{"rendered":"<p><P>Catalu\u00f1a dispone ya de una nueva marca tur\u00edstica que sustituye dos de las existentes: Costa de Garraf y Costa de Barcelona-Maresme. El objetivo es facilitar la promoci\u00f3n internacional de Catalu\u00f1a aprovechando la capacidad de atracci\u00f3n de Barcelona.<\/P><\/p>\n","protected":false},"author":1,"featured_media":0,"comment_status":"close","ping_status":"open","sticky":false,"template":"","format":"standard","meta":[],"categories":[19],"tags":[],"_links":{"self":[{"href":"https:\/\/www.comunicatur.info\/es\/wp-json\/wp\/v2\/posts\/3516"}],"collection":[{"href":"https:\/\/www.comunicatur.info\/es\/wp-json\/wp\/v2\/posts"}],"about":[{"href":"https:\/\/www.comunicatur.info\/es\/wp-json\/wp\/v2\/types\/post"}],"author":[{"embeddable":true,"href":"https:\/\/www.comunicatur.info\/es\/wp-json\/wp\/v2\/users\/1"}],"replies":[{"embeddable":true,"href":"https:\/\/www.comunicatur.info\/es\/wp-json\/wp\/v2\/comments?post=3516"}],"version-history":[{"count":0,"href":"https:\/\/www.comunicatur.info\/es\/wp-json\/wp\/v2\/posts\/3516\/revisions"}],"wp:attachment":[{"href":"https:\/\/www.comunicatur.info\/es\/wp-json\/wp\/v2\/media?parent=3516"}],"wp:term":[{"taxonomy":"category","embeddable":true,"href":"https:\/\/www.comunicatur.info\/es\/wp-json\/wp\/v2\/categories?post=3516"},{"taxonomy":"post_tag","embeddable":true,"href":"https:\/\/www.comunicatur.info\/es\/wp-json\/wp\/v2\/tags?post=3516"}],"curies":[{"name":"wp","href":"https:\/\/api.w.org\/{rel}","templated":true}]}}