{"id":3490,"date":"2011-10-13T00:00:00","date_gmt":"2011-10-13T00:00:00","guid":{"rendered":"https:\/\/comunicatur.info\/reobre-el-museu-romantic-can-papiol-2\/"},"modified":"2011-10-13T00:00:00","modified_gmt":"2011-10-13T00:00:00","slug":"reobre-el-museu-romantic-can-papiol-2","status":"publish","type":"post","link":"https:\/\/www.comunicatur.info\/es\/reobre-el-museu-romantic-can-papiol-2\/","title":{"rendered":"Reabre el Museo Rom\u00e1ntico Can Papiol"},"content":{"rendered":"<p>El Museo Rom\u00e1ntico Can Papiol de Vilanova i la Geltr\u00fa ha reabierto al p\u00fablico este mes todos sus espacios tras cinco a\u00f1os de trabajos de reforma estructural del edificio y de restauraci\u00f3n de las colecciones.<\/p>\n<p><\/p>\n<p>Los visitantes ya pueden volver a dar una vuelta por la vida del siglo XIX, haciendo la visita completa y recorriendo la planta noble del edificio, las zonas de servicio y payes\u00eda, y el jard\u00edn.<\/p>\n<p>El museo tambi\u00e9n estrena web y presencia en las redes sociales con la apertura de una p\u00e1gina de Facebook.<\/p>\n<p><a type=\"button_count\" name=\"fb_share\"><\/a><\/p>\n<p><script src=\"http:\/\/static.ak.fbcdn.net\/connect.php\/js\/FB.Share\" type=\"text\/javascript\"><\/script><\/p>\n<p><a class=\"twitter-share-button\" data-text=\"Info de Comunicatur\" data-lang=\"es\" data-count=\"horizontal\" href=\"http:\/\/twitter.com\/share\" target=\"_blank\" rel=\"noopener\">Tweet<\/a><\/p>\n<p><script type=\"text\/javascript\" src=\"http:\/\/platform.twitter.com\/widgets.js\"><\/script><\/p>\n","protected":false},"excerpt":{"rendered":"<p>El Museo Rom\u00e1ntico Can Papiol de Vilanova i la Geltr\u00fa ha reabierto al p\u00fablico este mes todos sus espacios tras cinco a\u00f1os de trabajos de reforma estructural del edificio y de restauraci\u00f3n de las colecciones.<\/p>\n","protected":false},"author":1,"featured_media":0,"comment_status":"close","ping_status":"open","sticky":false,"template":"","format":"standard","meta":[],"categories":[19],"tags":[],"_links":{"self":[{"href":"https:\/\/www.comunicatur.info\/es\/wp-json\/wp\/v2\/posts\/3490"}],"collection":[{"href":"https:\/\/www.comunicatur.info\/es\/wp-json\/wp\/v2\/posts"}],"about":[{"href":"https:\/\/www.comunicatur.info\/es\/wp-json\/wp\/v2\/types\/post"}],"author":[{"embeddable":true,"href":"https:\/\/www.comunicatur.info\/es\/wp-json\/wp\/v2\/users\/1"}],"replies":[{"embeddable":true,"href":"https:\/\/www.comunicatur.info\/es\/wp-json\/wp\/v2\/comments?post=3490"}],"version-history":[{"count":0,"href":"https:\/\/www.comunicatur.info\/es\/wp-json\/wp\/v2\/posts\/3490\/revisions"}],"wp:attachment":[{"href":"https:\/\/www.comunicatur.info\/es\/wp-json\/wp\/v2\/media?parent=3490"}],"wp:term":[{"taxonomy":"category","embeddable":true,"href":"https:\/\/www.comunicatur.info\/es\/wp-json\/wp\/v2\/categories?post=3490"},{"taxonomy":"post_tag","embeddable":true,"href":"https:\/\/www.comunicatur.info\/es\/wp-json\/wp\/v2\/tags?post=3490"}],"curies":[{"name":"wp","href":"https:\/\/api.w.org\/{rel}","templated":true}]}}