{"id":3458,"date":"2011-09-30T00:00:00","date_gmt":"2011-09-30T00:00:00","guid":{"rendered":"https:\/\/comunicatur.info\/el-turista-estiuenc-a-catalunya-2\/"},"modified":"2011-09-30T00:00:00","modified_gmt":"2011-09-30T00:00:00","slug":"el-turista-estiuenc-a-catalunya-2","status":"publish","type":"post","link":"https:\/\/www.comunicatur.info\/es\/el-turista-estiuenc-a-catalunya-2\/","title":{"rendered":"El turista veraniego en Catalu\u00f1a"},"content":{"rendered":"<p><P>Este verano Catalu\u00f1a ha recibido m\u00e1s de cinco millones de turistas extranjeros. Pero, \u00bfc\u00f3mo es el turismo que se interesa por el destino catal\u00e1n? Las familias, el segmento m\u00e1s importante; las playas, la naturaleza y el clima, los principales reclamos; y un alto grado de repetici\u00f3n son algunos de los dades del perfil del turista que ha pasado las vacaciones de verano en Catalu\u00f1a. <\/P><br \/><P>Seg\u00fan datos de la Direcci\u00f3n General de Turismo, Catalu\u00f1a recibe m\u00e1s de un 46% de familias con ni\u00f1os. El turismo s\u00e9nior y los singles, por contra, son segmentos con porcentajes m\u00e1s bajos (5,3% y 9,3% respectivamente) y con los cuales la Generalitat de Catalunya quiere \u201cabrir nuevas v\u00edas en la estrategia tur\u00edstica de Catalu\u00f1a\u201d.<\/p>\n<p><P>El tramo de 35-44 a\u00f1os ha sido la edad media de los turistas que han visitado Catalu\u00f1a. Barcelona y Costa de Barcelona-Maresme son las marcas con el turismo m\u00e1s joven y Terres de l\u2019Ebre, Terres de Lleida y Catalunya Central, reciben a los turistas con la media de edad m\u00e1s elevada.<\/p>\n<p><P>Un 37,5% de los turistas llega a Catalu\u00f1a atra\u00eddo por las playas, la naturaleza, el paisaje y el clima. Las actividades relacionadas con el turismo cultural atraen al 18,5% de los turistas.<\/p>\n<p><P>Uno de cada 3 turistas que pasan las vacaciones de verano en Catalu\u00f1a contratan el alojamiento (35,5%) y el transporte (32,4%) a trav\u00e9s de intermediarios. Es en la Costa de Barcelona-Maresme (49%) y en la ciudad de Barcelona (46,5%) donde la contrataci\u00f3n a trav\u00e9s de una agencia de viajes tiene un peso mayor.<\/p>\n<p><P>En el caso del grado de fidelidad, dos de cada tres turistas repiten estancia en Catalu\u00f1a (62,5%). Costa de Garraf, Terres de l\u2019Ebre, Pirineus y Costa Daurada son las marcas con los turistas m\u00e1s fieles. La estancia media se sit\u00faa entre 7 y 9 noches y la nota del destino es de un 8,4.<\/p>\n<p><a type=\"button_count\" name=\"fb_share\"><\/a><\/p>\n<p><script src=\"http:\/\/static.ak.fbcdn.net\/connect.php\/js\/FB.Share\" type=\"text\/javascript\"><\/script><\/p>\n<p><a class=\"twitter-share-button\" data-text=\"Info de Comunicatur\" data-lang=\"es\" data-count=\"horizontal\" href=\"http:\/\/twitter.com\/share\" target=\"_blank\" rel=\"noopener\">Tweet<\/a><\/p>\n<p><script type=\"text\/javascript\" src=\"http:\/\/platform.twitter.com\/widgets.js\"><\/script><\/p>\n","protected":false},"excerpt":{"rendered":"<p><P>Este verano Catalu\u00f1a ha recibido m\u00e1s de cinco millones de turistas extranjeros. Pero, \u00bfc\u00f3mo es el turismo que se interesa por el destino catal\u00e1n? Las familias, el segmento m\u00e1s importante; las playas, la naturaleza y el clima, los principales reclamos; y un alto grado de repetici\u00f3n son algunos de los dades del perfil del turista que ha pasado las vacaciones de verano en Catalu\u00f1a. <\/P><\/p>\n","protected":false},"author":1,"featured_media":0,"comment_status":"close","ping_status":"open","sticky":false,"template":"","format":"standard","meta":[],"categories":[35],"tags":[],"_links":{"self":[{"href":"https:\/\/www.comunicatur.info\/es\/wp-json\/wp\/v2\/posts\/3458"}],"collection":[{"href":"https:\/\/www.comunicatur.info\/es\/wp-json\/wp\/v2\/posts"}],"about":[{"href":"https:\/\/www.comunicatur.info\/es\/wp-json\/wp\/v2\/types\/post"}],"author":[{"embeddable":true,"href":"https:\/\/www.comunicatur.info\/es\/wp-json\/wp\/v2\/users\/1"}],"replies":[{"embeddable":true,"href":"https:\/\/www.comunicatur.info\/es\/wp-json\/wp\/v2\/comments?post=3458"}],"version-history":[{"count":0,"href":"https:\/\/www.comunicatur.info\/es\/wp-json\/wp\/v2\/posts\/3458\/revisions"}],"wp:attachment":[{"href":"https:\/\/www.comunicatur.info\/es\/wp-json\/wp\/v2\/media?parent=3458"}],"wp:term":[{"taxonomy":"category","embeddable":true,"href":"https:\/\/www.comunicatur.info\/es\/wp-json\/wp\/v2\/categories?post=3458"},{"taxonomy":"post_tag","embeddable":true,"href":"https:\/\/www.comunicatur.info\/es\/wp-json\/wp\/v2\/tags?post=3458"}],"curies":[{"name":"wp","href":"https:\/\/api.w.org\/{rel}","templated":true}]}}