{"id":3439,"date":"2011-09-22T00:00:00","date_gmt":"2011-09-22T00:00:00","guid":{"rendered":"https:\/\/comunicatur.info\/inpyrenees-primer-blogtrip-internacional-pirineu-de-girona-2\/"},"modified":"2011-09-22T00:00:00","modified_gmt":"2011-09-22T00:00:00","slug":"inpyrenees-primer-blogtrip-internacional-pirineu-de-girona-2","status":"publish","type":"post","link":"https:\/\/www.comunicatur.info\/es\/inpyrenees-primer-blogtrip-internacional-pirineu-de-girona-2\/","title":{"rendered":"#inPyrenees, primer blogtrip internacional Pirineo de Girona"},"content":{"rendered":"<p>El Patronato de Turismo de la Costa Brava ha organizado un blogtrip para proyectar su oferta tur\u00edstica de interior en las redes sociales. Ha seleccionado un grupo de diez bloggers  internacionales que generar\u00e1n contenidos a trav\u00e9s de las redes sobre los atractivos y recursos naturales y tur\u00edsticos del Pirineo de Girona.<\/p>\n<p>El Patronato ha querido repetir experiencia ya que en el mes de mayo organiz\u00f3 otro blogtrip, en este caso para el destino de costa: \u201ca ra\u00edz del \u00e9xito de participaci\u00f3n y difusi\u00f3n de la Costa Brava en el primer blogtrip internacional del mes de mayo\u201d, el Patronato propone una nueva acci\u00f3n promocional dirigida esta vez a resaltar los atractivos del interior. <\/p>\n<p>Seg\u00fan informan, el primer blogtrip gener\u00f3 en nuevo d\u00edas m\u00e1s de 14 millones de impresiones en Twitter por todo el mundo y fue tres veces durante una semana Trending Topic mundial de viajes. \u201cActualmente, hay m\u00e1s de 60 posts publicados, 25 de los cuales han sido publicados en la web de Lonely Planet, el medio on line de referencia de turismo y viajes en todo el mundo\u201d. Adem\u00e1s el Patronato recuerda que en el mes de julio el blogger norteamericano, Gary Arndt, gur\u00fa de los blogs de viajes, visit\u00f3 durante tres d\u00edas diversos lugares del Pirineo de Girona. <\/p>\n<p>El programa de actividades #inPyrenees pasa por visitar la comarca de la Cerdanya en avioneta, la estaci\u00f3n de esqu\u00ed y de monta\u00f1a Valle de N\u00faria a caballo, la zona volc\u00e1nica de la Garrotxa y la Fageda d\u2019en Jord\u00e0 a pie, entre otras visitas. <\/p>\n<p>Algunos de los bloggers  assistients en el viaje son el brit\u00e1nico Paul Steel, blogger especializado en viajes de senderismo y excursionismo gestor del portal www.baldhiker.com y con m\u00e1s de 177.000 seguidores en Twitter; las norteamericanas Julie Collazo, editora jefa de www.matadornetwork.com, comunidad de viajes dedicada a la creaci\u00f3n y difusi\u00f3n de contenidos online de forma interactiva, y Kathryn Marie Halverson, editora de la revista de viajes National Geographic con presencia en las redes sociales; y la asi\u00e1tica Nelly Huang, blogger de viajes del portal www.wildjunket.com y colaboradora de Lonely Planet. <\/p>\n<p>El Blogtrip internacional Pirineo de Girona puede seguirse desde los perfiles @visitcostabrava\/, en ingl\u00e9s, @pirineudegirona\/, en catal\u00e1n y castellano, adem\u00e1s, del hashtag #inPyrenees.<\/p>\n<p><a type=\"button_count\" name=\"fb_share\"><\/a><\/p>\n<p><script src=\"http:\/\/static.ak.fbcdn.net\/connect.php\/js\/FB.Share\" type=\"text\/javascript\"><\/script><\/p>\n<p><a class=\"twitter-share-button\" data-text=\"Info de Comunicatur\" data-lang=\"es\" data-count=\"horizontal\" href=\"http:\/\/twitter.com\/share\" target=\"_blank\" rel=\"noopener\">Tweet<\/a><\/p>\n<p><script type=\"text\/javascript\" src=\"http:\/\/platform.twitter.com\/widgets.js\"><\/script><\/p>\n","protected":false},"excerpt":{"rendered":"<p>El Patronato de Turismo de la Costa Brava ha organizado un blogtrip para proyectar su oferta tur\u00edstica de interior en las redes sociales. Ha seleccionado un grupo de diez bloggers  internacionales que generar\u00e1n contenidos a trav\u00e9s de las redes sobre los atractivos y recursos naturales y tur\u00edsticos del Pirineo de Girona.<\/p>\n","protected":false},"author":1,"featured_media":0,"comment_status":"close","ping_status":"open","sticky":false,"template":"","format":"standard","meta":[],"categories":[19],"tags":[],"_links":{"self":[{"href":"https:\/\/www.comunicatur.info\/es\/wp-json\/wp\/v2\/posts\/3439"}],"collection":[{"href":"https:\/\/www.comunicatur.info\/es\/wp-json\/wp\/v2\/posts"}],"about":[{"href":"https:\/\/www.comunicatur.info\/es\/wp-json\/wp\/v2\/types\/post"}],"author":[{"embeddable":true,"href":"https:\/\/www.comunicatur.info\/es\/wp-json\/wp\/v2\/users\/1"}],"replies":[{"embeddable":true,"href":"https:\/\/www.comunicatur.info\/es\/wp-json\/wp\/v2\/comments?post=3439"}],"version-history":[{"count":0,"href":"https:\/\/www.comunicatur.info\/es\/wp-json\/wp\/v2\/posts\/3439\/revisions"}],"wp:attachment":[{"href":"https:\/\/www.comunicatur.info\/es\/wp-json\/wp\/v2\/media?parent=3439"}],"wp:term":[{"taxonomy":"category","embeddable":true,"href":"https:\/\/www.comunicatur.info\/es\/wp-json\/wp\/v2\/categories?post=3439"},{"taxonomy":"post_tag","embeddable":true,"href":"https:\/\/www.comunicatur.info\/es\/wp-json\/wp\/v2\/tags?post=3439"}],"curies":[{"name":"wp","href":"https:\/\/api.w.org\/{rel}","templated":true}]}}