{"id":3413,"date":"2011-09-09T00:00:00","date_gmt":"2011-09-09T00:00:00","guid":{"rendered":"https:\/\/comunicatur.info\/la-garrotxa-seu-de-la-primera-edicio-del-congres-volcandpark-2\/"},"modified":"2011-09-09T00:00:00","modified_gmt":"2011-09-09T00:00:00","slug":"la-garrotxa-seu-de-la-primera-edicio-del-congres-volcandpark-2","status":"publish","type":"post","link":"https:\/\/www.comunicatur.info\/es\/la-garrotxa-seu-de-la-primera-edicio-del-congres-volcandpark-2\/","title":{"rendered":"La Garrotxa, sede del primer congreso Volcandpark"},"content":{"rendered":"<p>Del 21 al 25 de mayo de 2012, Olot (Girona) acoger\u00e1 Volcandpark, el primer congreso sobre la gesti\u00f3n, la divulgaci\u00f3n y el geoturismo en zonas volc\u00e1nicas protegidas. <\/p>\n<p>Este encuentro pretende ser un foro de debate que una el conocimiento de la vulcanolog\u00eda con la gesti\u00f3n del territorio y su divulgaci\u00f3n. <\/p>\n<p>Volcandpark est\u00e1 dirigido, a entre otros, a t\u00e9cnicos y gestores de parques naturales, reservas y parques nacionales; educadores, int\u00e9rpretes y gu\u00edas de zonas volc\u00e1nicas; profesionales y empresas que se dedican a la conservaci\u00f3n del patrimonio geol\u00f3gico; y a profesionales que trabajan en el campo del geoturismo en zonas volc\u00e1nicas.<\/p>\n<p>El Congreso est\u00e1 organizado por el Departamento de Agricultura, Ganader\u00eda, Pesca, Alimentaci\u00f3n y Medio Natural de la Generalitat de Catalunya, el Ayuntamiento de Olot, el Instituto Jaume Almera del Consejo Superior de Investigaciones Cient\u00edficas y el Instituto Geol\u00f3gico de Catalu\u00f1a. <\/p>\n","protected":false},"excerpt":{"rendered":"<p>Del 21 al 25 de mayo de 2012, Olot (Girona) acoger\u00e1 Volcandpark, el primer congreso sobre la gesti\u00f3n, la divulgaci\u00f3n y el geoturismo en zonas volc\u00e1nicas protegidas. <\/p>\n","protected":false},"author":1,"featured_media":0,"comment_status":"close","ping_status":"open","sticky":false,"template":"","format":"standard","meta":[],"categories":[24],"tags":[],"_links":{"self":[{"href":"https:\/\/www.comunicatur.info\/es\/wp-json\/wp\/v2\/posts\/3413"}],"collection":[{"href":"https:\/\/www.comunicatur.info\/es\/wp-json\/wp\/v2\/posts"}],"about":[{"href":"https:\/\/www.comunicatur.info\/es\/wp-json\/wp\/v2\/types\/post"}],"author":[{"embeddable":true,"href":"https:\/\/www.comunicatur.info\/es\/wp-json\/wp\/v2\/users\/1"}],"replies":[{"embeddable":true,"href":"https:\/\/www.comunicatur.info\/es\/wp-json\/wp\/v2\/comments?post=3413"}],"version-history":[{"count":0,"href":"https:\/\/www.comunicatur.info\/es\/wp-json\/wp\/v2\/posts\/3413\/revisions"}],"wp:attachment":[{"href":"https:\/\/www.comunicatur.info\/es\/wp-json\/wp\/v2\/media?parent=3413"}],"wp:term":[{"taxonomy":"category","embeddable":true,"href":"https:\/\/www.comunicatur.info\/es\/wp-json\/wp\/v2\/categories?post=3413"},{"taxonomy":"post_tag","embeddable":true,"href":"https:\/\/www.comunicatur.info\/es\/wp-json\/wp\/v2\/tags?post=3413"}],"curies":[{"name":"wp","href":"https:\/\/api.w.org\/{rel}","templated":true}]}}