{"id":3309,"date":"2011-07-01T00:00:00","date_gmt":"2011-07-01T00:00:00","guid":{"rendered":"https:\/\/comunicatur.info\/ara-ryanair-pressiona-a-laeroport-de-reus-2\/"},"modified":"2011-07-01T00:00:00","modified_gmt":"2011-07-01T00:00:00","slug":"ara-ryanair-pressiona-a-laeroport-de-reus-2","status":"publish","type":"post","link":"https:\/\/www.comunicatur.info\/es\/ara-ryanair-pressiona-a-laeroport-de-reus-2\/","title":{"rendered":"Ahora Ryanair presiona en Reus"},"content":{"rendered":"<p>Ryanair ha anunciado que el 30 de octubre dejar\u00e1 de operar desde el Aeropuerto de Reus, donde tiene una base de operaciones con 28 rutas. La aerol\u00ednea de bajo coste presiona as\u00ed a las instituciones con las que mantiene un pulso en busca de mejorar las subvenciones que recibe.<br \/>\n<\/p>\n<p>El vicepresidente de la compa\u00f1\u00eda, Michael Cawley, ha justificado la decisi\u00f3n por \u00abel incumplimiento\u00bb de los acuerdos de promoci\u00f3n conjunta que mantiene con la Generalitat y las instituciones tarraconenses. No ha dado detalles del incumplimiento pero aduce no haber recibido la colaboraci\u00f3n acordada para promocionar la Costa Daurada en diferentes pa\u00edses del centro y norte de Europa. Adem\u00e1s ha comentado que disponen de \u201cpropuestas de otros aeropuertos para poner bases con costes menores y socios m\u00e1s fiables\u201d<\/p>\n<p>La administraci\u00f3n ha negado cualquier incumplimiento y alguno de sus portavoces ha llegado a calificar la manera de proceder de la compa\u00f1\u00eda como propia de \u201clos hermanos Dalton\u201d. Actualmente existe una acuerdo vigente hasta 2013.<\/p>\n<p>El repliegue llega despu\u00e9s de que el Gobierno catal\u00e1n haya puesto sobre la mesa una propuesta para el aeropuerto de Girona donde Ryanair ya ha recortado de forma dr\u00e1stica los vuelos como forma de presi\u00f3n.<\/p>\n<p>Cawley, no obstante, ha abierto la puerta a reanudar los vuelos en verano si \u00ables convencen de que no se volver\u00e1n a incumplir\u00bb los acuerdos. Aunque en tal caso, el vicepresidente de la compa\u00f1\u00eda irlandesa ha indicado que no se restablecer\u00eda la base, sino que se operar\u00eda como una aerol\u00ednea m\u00e1s.<\/p>\n<p>La compa\u00f1\u00eda irlandesa transportar\u00e1 800.000 pasajeros este a\u00f1o en Reus, 500.000 menos que en el ejercicio anterior, y el cierre de la base afectar\u00e1 a 150 empleos directos y a unos 1.000 de indirectos. De las 28 rutas que opera Ryanair cuatro son dom\u00e9sticas y 24 internacionales.<\/p>\n","protected":false},"excerpt":{"rendered":"<p>Ryanair ha anunciado que el 30 de octubre dejar\u00e1 de operar desde el Aeropuerto de Reus, donde tiene una base de operaciones con 28 rutas. La aerol\u00ednea de bajo coste presiona as\u00ed a las instituciones con las que mantiene un pulso en busca de mejorar las subvenciones que recibe. <\/p>\n","protected":false},"author":1,"featured_media":0,"comment_status":"close","ping_status":"open","sticky":false,"template":"","format":"standard","meta":[],"categories":[30],"tags":[],"_links":{"self":[{"href":"https:\/\/www.comunicatur.info\/es\/wp-json\/wp\/v2\/posts\/3309"}],"collection":[{"href":"https:\/\/www.comunicatur.info\/es\/wp-json\/wp\/v2\/posts"}],"about":[{"href":"https:\/\/www.comunicatur.info\/es\/wp-json\/wp\/v2\/types\/post"}],"author":[{"embeddable":true,"href":"https:\/\/www.comunicatur.info\/es\/wp-json\/wp\/v2\/users\/1"}],"replies":[{"embeddable":true,"href":"https:\/\/www.comunicatur.info\/es\/wp-json\/wp\/v2\/comments?post=3309"}],"version-history":[{"count":0,"href":"https:\/\/www.comunicatur.info\/es\/wp-json\/wp\/v2\/posts\/3309\/revisions"}],"wp:attachment":[{"href":"https:\/\/www.comunicatur.info\/es\/wp-json\/wp\/v2\/media?parent=3309"}],"wp:term":[{"taxonomy":"category","embeddable":true,"href":"https:\/\/www.comunicatur.info\/es\/wp-json\/wp\/v2\/categories?post=3309"},{"taxonomy":"post_tag","embeddable":true,"href":"https:\/\/www.comunicatur.info\/es\/wp-json\/wp\/v2\/tags?post=3309"}],"curies":[{"name":"wp","href":"https:\/\/api.w.org\/{rel}","templated":true}]}}