{"id":3295,"date":"2011-06-23T00:00:00","date_gmt":"2011-06-23T00:00:00","guid":{"rendered":"https:\/\/comunicatur.info\/impost-turistic-a-venecia-i-florencia-2\/"},"modified":"2011-06-23T00:00:00","modified_gmt":"2011-06-23T00:00:00","slug":"impost-turistic-a-venecia-i-florencia-2","status":"publish","type":"post","link":"https:\/\/www.comunicatur.info\/es\/impost-turistic-a-venecia-i-florencia-2\/","title":{"rendered":"Impuesto tur\u00edstico en Venecia y Florencia"},"content":{"rendered":"<p>Los ayuntamientos de Venecia y Florencia han aprobado un reglamento que establece una nueva tasa de residencia. A partir del 1 de julio,  los turistas pagar\u00e1n un euro cada d\u00eda y por cada estrella que tenga el hotel.  Tambi\u00e9n se cobrar\u00e1 2 euros por noche en alojamientos como campings o residencias religiosas.<br \/>\n<\/p>\n<p>Ambas ciudades siguen as\u00ed los pasos de la ciudad de Roma y han anunciado que la recaudaci\u00f3n se destinar\u00e1 a la consejer\u00eda de bienes culturales y para restaurar los edificios hist\u00f3ricos. Venecia espera recaudar al menos 20 millones de euros en este a\u00f1o, mientras que Florencia alrededor de 10 millones hasta finales de a\u00f1o y unos 20 millones de euros en el a\u00f1o 2012.<\/p>\n<p>En el caso de Barcelona, el nuevo alcalde de CiU, Xavier Trias, es partidario de no implantar una tasa tur\u00edstica como soluci\u00f3n para financiar las pol\u00edticas de promoci\u00f3n de la ciudad, as\u00ed lo afirm\u00f3 durante la campa\u00f1a electoral. Trias es partidario de negociar un sistema de financiaci\u00f3n que permita a Barcelona recibir parte de los beneficios de determinados impuestos como el IVA que los turistas dejan en la ciudad.<\/p>\n","protected":false},"excerpt":{"rendered":"<p>Los ayuntamientos de Venecia y Florencia han aprobado un reglamento que establece una nueva tasa de residencia. A partir del 1 de julio,  los turistas pagar\u00e1n un euro cada d\u00eda y por cada estrella que tenga el hotel.  Tambi\u00e9n se cobrar\u00e1 2 euros por noche en alojamientos como campings o residencias religiosas. <\/p>\n","protected":false},"author":1,"featured_media":0,"comment_status":"close","ping_status":"open","sticky":false,"template":"","format":"standard","meta":[],"categories":[18],"tags":[],"_links":{"self":[{"href":"https:\/\/www.comunicatur.info\/es\/wp-json\/wp\/v2\/posts\/3295"}],"collection":[{"href":"https:\/\/www.comunicatur.info\/es\/wp-json\/wp\/v2\/posts"}],"about":[{"href":"https:\/\/www.comunicatur.info\/es\/wp-json\/wp\/v2\/types\/post"}],"author":[{"embeddable":true,"href":"https:\/\/www.comunicatur.info\/es\/wp-json\/wp\/v2\/users\/1"}],"replies":[{"embeddable":true,"href":"https:\/\/www.comunicatur.info\/es\/wp-json\/wp\/v2\/comments?post=3295"}],"version-history":[{"count":0,"href":"https:\/\/www.comunicatur.info\/es\/wp-json\/wp\/v2\/posts\/3295\/revisions"}],"wp:attachment":[{"href":"https:\/\/www.comunicatur.info\/es\/wp-json\/wp\/v2\/media?parent=3295"}],"wp:term":[{"taxonomy":"category","embeddable":true,"href":"https:\/\/www.comunicatur.info\/es\/wp-json\/wp\/v2\/categories?post=3295"},{"taxonomy":"post_tag","embeddable":true,"href":"https:\/\/www.comunicatur.info\/es\/wp-json\/wp\/v2\/tags?post=3295"}],"curies":[{"name":"wp","href":"https:\/\/api.w.org\/{rel}","templated":true}]}}