{"id":3289,"date":"2011-06-20T00:00:00","date_gmt":"2011-06-20T00:00:00","guid":{"rendered":"https:\/\/comunicatur.info\/la-costa-brava-te-un-pla-estrategic-de-turisme-per-als-propers-5-anys-2\/"},"modified":"2011-06-20T00:00:00","modified_gmt":"2011-06-20T00:00:00","slug":"la-costa-brava-te-un-pla-estrategic-de-turisme-per-als-propers-5-anys-2","status":"publish","type":"post","link":"https:\/\/www.comunicatur.info\/es\/la-costa-brava-te-un-pla-estrategic-de-turisme-per-als-propers-5-anys-2\/","title":{"rendered":"La Costa Brava tiene un Plan Estrat\u00e9gico de Turismo para los pr\u00f3ximos 5 a\u00f1os"},"content":{"rendered":"<p>Potenciar el prestigio internacional de la marca Costa Brava, innovar en las estrategias de promoci&oacute;n y marketing y, priorizar los mercados espa&ntilde;ol y del norte de Europa, son algunos de los objetivos que recoge el Plan Estrat&eacute;gico de Turismo de las comarcas de Girona 2011-2015.<\/p>\n<p><\/p>\n<p>El Plan, encargado por el Patronato de Turismo Costa Brava Girona, define la visi&oacute;n de c&oacute;mo deber&iacute;a ser el turismo de esta zona y la propia funci&oacute;n del Patronato de Turismo. Para ello ha diferenciado 9 programas a desarrollar conjuntamente por el sector tur&iacute;stico. Pone el acento en la sostenibilidad del destino y en el trabajo conjunto de los clubes de promoci&oacute;n para el turismo familiar, el enogaston&oacute;mico, la cultura y los deportes.<\/p>\n<p>Algunos datos del plan detallan la magnitud del sector del turismo en la provincia de Girona como las 200 mil plazas de alojamiento con las que cuenta, entre hoteles, campings y apartamentos. Anualmente pasan 6,5 millones de turistas y generan 49 millones de pernoctaciones. 40 mil personas trabajan vinculadas al sector tur&iacute;stico.<\/p>\n<p>Entre las acciones de promoci&oacute;n que contribuir&aacute;n al prestigio internacional de la Costa Brava destaca el proyecto El Bulli Foundation. Ferran Adri&agrave; utilizar&aacute; un v&iacute;deo promocional de la Costa Brava con im&aacute;genes a&eacute;reas en las presentaciones que realizar&aacute; de su proyecto durante los pr&oacute;ximos dos a&ntilde;os por todo el mundo. <\/p>\n<p><strong>Contenidos de los 9 programas de Plan estrat&eacute;gico de turismo de las comarcas de Girona 2011-2015<\/strong><\/p>\n<ol>\n<li><strong>Marketing y promoci&oacute;n. <\/strong>Se han identificado 20 productos tur&iacute;sticos relevantes de las comarcas de Girona que el plan propone estructurar.<\/li>\n<li><strong>Desarrollo on-line. <\/strong>Los pilares fundamentales de la nueva estrategia de e-marketing se basan en las herramientas de comunicaci&oacute;n 2.0, en los meta buscadores de agencias y en la gesti&oacute;n de contenidos.<\/li>\n<li><strong>Apoyo a los destinos. <\/strong>Coordinaci&oacute;n y colaboraci&oacute;n con las instituciones y los organismos tur&iacute;sticos como consejos comarcales, municipios y entidades representativas del sector, entre otras, mediante la planificaci&oacute;n y estructuraci&oacute;n tur&iacute;stica de las comarcas de Girona.<\/li>\n<li><strong>Potenciaci&oacute;n del prestigio internacional. <\/strong>La identificaci&oacute;n de acontecimientos con proyecci&oacute;n internacional y de personalidades que, con su posicionamiento y su v&iacute;nculo con el territorio, se convierten en aut&eacute;nticos embajadores como son las figuras de Salvador Dal&iacute; y Ferran Adri&agrave;.<\/li>\n<li><strong>Posicionamiento y gesti&oacute;n de la marca. <\/strong>Consolidar la marca &lsquo;Costa Brava-Pirineo de Girona&rsquo; como destino internacional de referencia. Jerarquizaci&oacute;n de las submarcas existentes en el territorio.<\/li>\n<li><strong>Generaci&oacute;n de recursos. <\/strong>Impulsar f&oacute;rmulas de coparticipaci&oacute;n entre el sector p&uacute;blico y privado, y generando recursos con la propia actividad, para incrementar los presupuestos disponibles para la promoci&oacute;n tur&iacute;stica en general.<\/li>\n<li><strong>Estructura y gesti&oacute;n del Patronato. <\/strong>Adecuar la estructura organizativa de la entidad a la consecuci&oacute;n de los objetivos.<\/li>\n<li><strong>Governanza y fortaleza institucional. <\/strong>Fortalecer institucionalmente al Patronato, contando con la participaci&oacute;n directa de los representantes empresariales y del conjunto del territorio.<\/li>\n<li><strong>Liderazgo tur&iacute;stico de las comarcas de Girona.<\/strong>&nbsp;<\/li>\n<\/ol>\n<p>Se puede consultar un resumen de los contenidos del Plan estrat&eacute;gico de turismo de las comarcas de Girona 2011-2015, as&iacute; como un v&iacute;deo de presentaci&oacute;n en el portal www.costabrava.org\/pla_estrategic<\/p>\n","protected":false},"excerpt":{"rendered":"<p>Potenciar el prestigio internacional de la marca Costa Brava, innovar en las estrategias de promoci&oacute;n y marketing y, priorizar los mercados espa&ntilde;ol y del norte de Europa, son algunos de los objetivos que recoge el Plan Estrat&eacute;gico de Turismo de las comarcas de Girona 2011-2015.<\/p>\n","protected":false},"author":1,"featured_media":0,"comment_status":"close","ping_status":"open","sticky":false,"template":"","format":"standard","meta":[],"categories":[19],"tags":[],"_links":{"self":[{"href":"https:\/\/www.comunicatur.info\/es\/wp-json\/wp\/v2\/posts\/3289"}],"collection":[{"href":"https:\/\/www.comunicatur.info\/es\/wp-json\/wp\/v2\/posts"}],"about":[{"href":"https:\/\/www.comunicatur.info\/es\/wp-json\/wp\/v2\/types\/post"}],"author":[{"embeddable":true,"href":"https:\/\/www.comunicatur.info\/es\/wp-json\/wp\/v2\/users\/1"}],"replies":[{"embeddable":true,"href":"https:\/\/www.comunicatur.info\/es\/wp-json\/wp\/v2\/comments?post=3289"}],"version-history":[{"count":0,"href":"https:\/\/www.comunicatur.info\/es\/wp-json\/wp\/v2\/posts\/3289\/revisions"}],"wp:attachment":[{"href":"https:\/\/www.comunicatur.info\/es\/wp-json\/wp\/v2\/media?parent=3289"}],"wp:term":[{"taxonomy":"category","embeddable":true,"href":"https:\/\/www.comunicatur.info\/es\/wp-json\/wp\/v2\/categories?post=3289"},{"taxonomy":"post_tag","embeddable":true,"href":"https:\/\/www.comunicatur.info\/es\/wp-json\/wp\/v2\/tags?post=3289"}],"curies":[{"name":"wp","href":"https:\/\/api.w.org\/{rel}","templated":true}]}}