{"id":3153,"date":"2011-04-10T00:00:00","date_gmt":"2011-04-10T00:00:00","guid":{"rendered":"https:\/\/comunicatur.info\/nous-formats-turistics-i-la-il%e2%80%a2lusio-per-viatjar-caracteritzen-ledicio-2011-del-sitc-2\/"},"modified":"2011-04-10T00:00:00","modified_gmt":"2011-04-10T00:00:00","slug":"nous-formats-turistics-i-la-il%e2%80%a2lusio-per-viatjar-caracteritzen-ledicio-2011-del-sitc-2","status":"publish","type":"post","link":"https:\/\/www.comunicatur.info\/es\/nous-formats-turistics-i-la-il%e2%80%a2lusio-per-viatjar-caracteritzen-ledicio-2011-del-sitc-2\/","title":{"rendered":"Nuevos formatos tur\u00edsticos y la ilusi\u00f3n por viajar caracterizan la edici\u00f3n 2011 del SITC"},"content":{"rendered":"<p>La 20&ordf; edici&oacute;n del Sal&oacute;n Internacional del Turismo de Catalunya (SITC) ha cerrado sus puertas superando los 190.000 visitantes. El dia dedicado exclusivamente a los foros sectoriales reciben 3.297 profesionales. Seg&uacute;n los expositores, la actual situaci&oacute;n mundial beneficiar&aacute; el turismo de proximidad y los destinos considerados seguros.<\/p>\n<p><\/p>\n<p>La ilusi&oacute;n por viajar de los catalanes, que generan el 29,7% del turismo nacional que elige destinos extranjeros y el 40% del total de los desplazamientos, parece resistir a la crisis: cambian los destinos y la duraci&oacute;n de las estancias, pero el p&uacute;blico ha vuelto a llenar los palacios del Sal&oacute;n Internacional del Turismo 2011, que cerrar&aacute; esta tarde las puertas de su 20&ordf; edici&oacute;n, recogiendo todo tipo de informaci&oacute;n sobre destinos nacionales e internacionales. A falta del recuento definitivo, m&aacute;s de 190.000 personas han visitado el certamen.<\/p>\n<p>El sector tur&iacute;stico est&aacute; en pleno proceso de recuperaci&oacute;n: hasta febrero -&uacute;ltimos datos disponibles-, Espa&ntilde;a ha recibido un 4,3% m&aacute;s turistas que hace un a&ntilde;o, y seg&uacute;n la Asociaci&oacute;n Catalana de Agencias de Viajes (ACAV) se prev&eacute; la facturaci&oacute;n de esta temporada de verano ser&aacute; entre un 3% y un 4% superior a la de 2010. Seg&uacute;n las agencias, los catalanes incrementar&aacute;n las visitas a destinos nacionales as&iacute; como los viajes a pa&iacute;ses pr&oacute;ximos, considerados seguros, como Grecia -que ha aumentado sus conexiones a&eacute;reas con Mikonos y Creta&not;-, Montenegro, los pa&iacute;ses b&aacute;lticos, Alemania, Suiza, Francia, Hungr&iacute;a, Bruselas y Turqu&iacute;a.<\/p>\n<p>&quot;Catalunya es l&iacute;der en turismo, tanto receptor como emisor&quot;, ha declarado Raimon Mart&iacute;nez Fraile, presidente del SITC. En este sentido, ha a&ntilde;adido: &quot;El Sal&oacute;n Internacional del Turismo de Catalunya es una plataforma esencial y una herramienta v&aacute;lida, al servicio de un sector que est&aacute; remontando y que, sin duda, ser&aacute; uno de los motores m&aacute;s potentes de la recuperaci&oacute;n econ&oacute;mica general&quot;.<\/p>\n<p><strong>Profesionales y bloggers<\/strong><\/p>\n<p>Por primera vez, el SITC ha dedicado su primer d&iacute;a s&oacute;lo a los profesionales (3.297 contabilizados), que han acudido al encuentro sectorial que la Asociaci&oacute;n Catalana de Agencias de Viajes (ACAV) organiza anualmente, as&iacute; como a las jornadas t&eacute;cnicas, o al Congreso Internacional de Turismo y Derecho.<\/p>\n<p>En el Primer Congreso de Bloggers &quot;Vuelta al mundo&quot;, 40 bloggers\/viajeros han compartido con los m&aacute;s de 300 asistentes sus experiencias personales. Los ponentes han dado a conocer las competencias adquiridas a ra&iacute;z de largas estancias en un pa&iacute;s extranjero y han hablado sobre c&oacute;mo dar la vuelta al mundo con un presupuesto reducido o qu&eacute; recursos y habilidades t&eacute;cnicas son necesarias para escribir un &quot;diario de a bordo&quot; virtual.<\/p>\n<p>En el marco del sal&oacute;n, tambi&eacute;n se han entregado diferentes premios, organizados con la colaboraci&oacute;n del Centro de Estudios T&eacute;cnicos Tur&iacute;sticos CETT: el Alimara-Cat, por haber presentado el mejor material gr&aacute;fico y de promoci&oacute;n tur&iacute;stica en catal&aacute;n, que ha sido otorgado a O&ntilde;ati, de O&ntilde;atiko Garapen Eta Turismo Ajentzia SA, y el Alimara a las Instituciones Estatales, Auton&oacute;micas i Regionales, que ha reca&iacute;do en la campa&ntilde;a &quot;Asturias, lo dice todo el mundo&quot;, de la Sociedad Regional de Turismo SA., y a la Gu&iacute;a Tur&iacute;stica en Braille de la Costa Brava, editada por el Patronat de Turisme Costa Brava Girona.<\/p>\n<p>La pr&oacute;xima edici&oacute;n del Sal&oacute;n Internacional del Turismo de Catalunya se celebrar&aacute; del 19 al 22 de abril de 2012.<em>\/Informaci&oacute;n emitida por el SITC<\/em><\/p>\n","protected":false},"excerpt":{"rendered":"<p>La 20&ordf; edici&oacute;n del Sal&oacute;n Internacional del Turismo de Catalunya (SITC) ha cerrado sus puertas superando los 190.000 visitantes. El dia dedicado exclusivamente a los foros sectoriales reciben 3.297 profesionales. Seg&uacute;n los expositores, la actual situaci&oacute;n mundial beneficiar&aacute; el turismo de proximidad y los destinos considerados seguros.<\/p>\n","protected":false},"author":1,"featured_media":0,"comment_status":"close","ping_status":"open","sticky":false,"template":"","format":"standard","meta":[],"categories":[45],"tags":[],"_links":{"self":[{"href":"https:\/\/www.comunicatur.info\/es\/wp-json\/wp\/v2\/posts\/3153"}],"collection":[{"href":"https:\/\/www.comunicatur.info\/es\/wp-json\/wp\/v2\/posts"}],"about":[{"href":"https:\/\/www.comunicatur.info\/es\/wp-json\/wp\/v2\/types\/post"}],"author":[{"embeddable":true,"href":"https:\/\/www.comunicatur.info\/es\/wp-json\/wp\/v2\/users\/1"}],"replies":[{"embeddable":true,"href":"https:\/\/www.comunicatur.info\/es\/wp-json\/wp\/v2\/comments?post=3153"}],"version-history":[{"count":0,"href":"https:\/\/www.comunicatur.info\/es\/wp-json\/wp\/v2\/posts\/3153\/revisions"}],"wp:attachment":[{"href":"https:\/\/www.comunicatur.info\/es\/wp-json\/wp\/v2\/media?parent=3153"}],"wp:term":[{"taxonomy":"category","embeddable":true,"href":"https:\/\/www.comunicatur.info\/es\/wp-json\/wp\/v2\/categories?post=3153"},{"taxonomy":"post_tag","embeddable":true,"href":"https:\/\/www.comunicatur.info\/es\/wp-json\/wp\/v2\/tags?post=3153"}],"curies":[{"name":"wp","href":"https:\/\/api.w.org\/{rel}","templated":true}]}}