{"id":3118,"date":"2011-03-29T14:19:51","date_gmt":"2011-03-29T14:19:51","guid":{"rendered":"https:\/\/comunicatur.info\/es-completa-el-relleu-directiu-a-ladministracio-turistica-catalana-2\/"},"modified":"2011-03-29T14:19:51","modified_gmt":"2011-03-29T14:19:51","slug":"es-completa-el-relleu-directiu-a-ladministracio-turistica-catalana-2","status":"publish","type":"post","link":"https:\/\/www.comunicatur.info\/es\/es-completa-el-relleu-directiu-a-ladministracio-turistica-catalana-2\/","title":{"rendered":"Se completa el relevo directivo en la administraci\u00f3n tur\u00edstica catalana"},"content":{"rendered":"<p>Seg\u00fan ha podido saber Comunicatur, Xavier Espasa ser\u00e1 nombrado en los pr\u00f3ximos d\u00edas director de la Agencia Catalana de Turismo. Espasa, experto en promoci\u00f3n comercial internacional con una larga trayectoria en el COPCA, cubrir\u00e1 el cargo que ha ocupado durante los gobiernos del tripartito, Ignasi de Del\u00e0s.<\/p>\n<p>Xavier Espasa cuenta con una alta formaci\u00f3n en el mundo de la empresa y los \u00faltimos a\u00f1os ha sido el director de los mercados de Asia Pac\u00edfico del organismo ACC10, del cual forma parte el Consorcio de Promoci\u00f3n Comercial de Catalu\u00f1a (COPCA). <\/p>\n<p>El nombramiento de Espasa, sigue al de Mari\u00e1n Muro, directora general de Turismo, y viene a completar el relevo tur\u00edstico de los altos cargos del departamento de Empresa y Empleo que dirige el consejero Francesc Xavier Mena.<\/p>\n","protected":false},"excerpt":{"rendered":"<p>Seg\u00fan ha podido saber Comunicatur, Xavier Espasa ser\u00e1 nombrado en los pr\u00f3ximos d\u00edas director de la Agencia Catalana de Turismo. Espasa, experto en promoci\u00f3n comercial internacional con una larga trayectoria en el COPCA, cubrir\u00e1 el cargo que ha ocupado durante los gobiernos del tripartito, Ignasi de Del\u00e0s.<\/p>\n","protected":false},"author":1,"featured_media":0,"comment_status":"close","ping_status":"open","sticky":false,"template":"","format":"standard","meta":[],"categories":[18],"tags":[],"_links":{"self":[{"href":"https:\/\/www.comunicatur.info\/es\/wp-json\/wp\/v2\/posts\/3118"}],"collection":[{"href":"https:\/\/www.comunicatur.info\/es\/wp-json\/wp\/v2\/posts"}],"about":[{"href":"https:\/\/www.comunicatur.info\/es\/wp-json\/wp\/v2\/types\/post"}],"author":[{"embeddable":true,"href":"https:\/\/www.comunicatur.info\/es\/wp-json\/wp\/v2\/users\/1"}],"replies":[{"embeddable":true,"href":"https:\/\/www.comunicatur.info\/es\/wp-json\/wp\/v2\/comments?post=3118"}],"version-history":[{"count":0,"href":"https:\/\/www.comunicatur.info\/es\/wp-json\/wp\/v2\/posts\/3118\/revisions"}],"wp:attachment":[{"href":"https:\/\/www.comunicatur.info\/es\/wp-json\/wp\/v2\/media?parent=3118"}],"wp:term":[{"taxonomy":"category","embeddable":true,"href":"https:\/\/www.comunicatur.info\/es\/wp-json\/wp\/v2\/categories?post=3118"},{"taxonomy":"post_tag","embeddable":true,"href":"https:\/\/www.comunicatur.info\/es\/wp-json\/wp\/v2\/tags?post=3118"}],"curies":[{"name":"wp","href":"https:\/\/api.w.org\/{rel}","templated":true}]}}