{"id":3116,"date":"2011-03-30T00:00:00","date_gmt":"2011-03-30T00:00:00","guid":{"rendered":"https:\/\/comunicatur.info\/els-visitants-al-ripolles-augmenten-gracies-als-monestirs-romanics-2\/"},"modified":"2011-03-30T00:00:00","modified_gmt":"2011-03-30T00:00:00","slug":"els-visitants-al-ripolles-augmenten-gracies-als-monestirs-romanics-2","status":"publish","type":"post","link":"https:\/\/www.comunicatur.info\/es\/els-visitants-al-ripolles-augmenten-gracies-als-monestirs-romanics-2\/","title":{"rendered":"Los visitantes del  Ripoll\u00e8s aumentan gracias a los monasterios rom\u00e1nicos"},"content":{"rendered":"<p>70.000 personas han visitado los dos grandes monasterios rom\u00e1nicos de la comarca: el Monasterio de Sant Joan de les Abadesses y el Monasterio de Ripoll, dos emblemas y lugares de visita obligados del producto Tierra de Condes y Abades, dise\u00f1ado para promocionar la comarca del Ripoll\u00e8s dentro y fuera de Catalu\u00f1a.<\/p>\n<p>Esta cifra es una se\u00f1al del crecimiento de visitantes que ha recibido la comarca resultado de la promoci\u00f3n realizada por producto Tierra de Condes y Abades. Adem\u00e1s, se ha registrado un incremento de los visitantes que pidieron informaci\u00f3n en las Oficinas de Turismo de Ripoll, de Sant Joan de les Abadesses, del Valle de Camprod\u00f3n y del Valle de Ribes de Freser durante el 2010, siendo 20.800 el total de personas. <\/p>\n<p>Toda la comarca est\u00e1 en constante crecimiento, y este incremento de visitantes es en parte gracias a la creaci\u00f3n de centros de interpretaci\u00f3n, espacios muse\u00edsticos y la adopci\u00f3n de una se\u00f1alizaci\u00f3n espec\u00edfica, que permite vivir en primera persona la historia del territorio. <\/p>\n<p><b>Monumentos y recursos emblem\u00e1ticos de la comarca<\/b> <\/p>\n<p>El Ripoll\u00e8s dispone de numerosos recursos como su paisaje, sus monumentos, su historia, sus caminos, su gastronom\u00eda, pero tambi\u00e9n dispone de una realidad muy valiosa: es el escenario de la historia catalana. Este escenario est\u00e1 presente en el conjunto arqueol\u00f3gico del castillo de Mataplana y el Santuario de Montgrony, en Gombr\u00e9n; el Palacio de la Abad\u00eda y el Monasterio de Sant Joan de les Abadesses, y en el conjunto mon\u00e1stico de Santa Maria de Ripoll. <\/p>\n<p>Los principales monumentos que forman parte del itinerario, en los cuales se puede realizar una visita guiada, concertada o libre con gu\u00eda interactiva, forman parte de la Ruta del Pirineo Condal. Estamos hablando de las poblaciones de Gombr\u00e9n, Ripoll, Sant Joan de les Abadesses y Campdev\u00e1nol. <\/p>\n<p>Ripoll, capital de la comarca del Ripoll\u00e8s, fue uno de los grandes centros de la Catalu\u00f1a medieval y por eso se la conoce como la Cuna de Catalu\u00f1a. En \u00e9l podemos encontrar uno de los monumentos rom\u00e1nicos m\u00e1s importantes, no tan s\u00f3lo por su arquitectura y escultura, sino tambi\u00e9n por su significaci\u00f3n hist\u00f3rica: el Monasterio de Santa Maria de Ripoll, que recibi\u00f3 la visita de 48.500 turistas durante el a\u00f1o pasado. Fundado a finales del siglo IX por el conde Guifr\u00e9 el Pil\u00f3s y su esposa Guinedilda, fue uno de los centros culturales m\u00e1s importantes de la Europa medieval. La exposici\u00f3n permanente en el Scriptorium da a conocer el mundo de los copistas medievales de manera interactiva y did\u00e1ctica. <\/p>\n<p>Para los turistas m\u00e1s curiosos existe la posibilidad de visitar una industria de la \u00e9poca: La Fragua Palau, que tuvo un papel muy importante en el desarrollo industrial para la obtenci\u00f3n del hierro durante los siglos XVII y XVIII. <\/p>\n<p>El Monasterio de Sant Joan de les Abadesses, fundado por Guifr\u00e9 el Pil\u00f3s a finales del siglo IX, recibi\u00f3 23.000 visitantes durante el a\u00f1o 2010 y es el principal reclamo tur\u00edstico de Sant Joan de les Abadesses junto con lo Centro de Interpretaci\u00f3n del Mito del Conde Arnau, ubicado en el Palacio de la Abad\u00eda. El Centro de Interpretaci\u00f3n quiere dar las claves para entender el origen y la evoluci\u00f3n de la figura del Conde Arnau desde una perspectiva que abarca el folclore, la historia, la m\u00fasica y la literatura. <\/p>\n<p>En Gombr\u00e9n, foco de la leyenda del Conde Arnau, encontramos el Santuario de Montgrony, la iglesia de Sant Pere de Montgrony, el Museo del Conde Arnau, el Jard\u00edn de las Plantas Medicinales (primer jard\u00edn bot\u00e1nico de plantas medicinales del pa\u00eds) y el Castillo de Mataplana. En este \u00faltimo atractivo tur\u00edstico se puede contemplar la capilla y los restos del castillo que fueron residencia del legendario Conde Arnau. <\/p>\n<p>En Campdev\u00e1nol, denominado \u201cJard\u00edn del Pirineo\u201d por su valor paisaj\u00edstico, podemos visitar la Iglesia de Sant Pere de A\u00fcira, el torrente de la caba\u00f1a, el camino real y la Pinacoteca Coll y Bardolet. \/ <i>Informaci\u00f3n emitida por Tierra de Condes y Abades<\/i> ripolles@promotourist.com<\/p>\n","protected":false},"excerpt":{"rendered":"<p>70.000 personas han visitado los dos grandes monasterios rom\u00e1nicos de la comarca: el Monasterio de Sant Joan de les Abadesses y el Monasterio de Ripoll, dos emblemas y lugares de visita obligados del producto Tierra de Condes y Abades, dise\u00f1ado para promocionar la comarca del Ripoll\u00e8s dentro y fuera de Catalu\u00f1a.<\/p>\n","protected":false},"author":1,"featured_media":0,"comment_status":"close","ping_status":"open","sticky":false,"template":"","format":"standard","meta":[],"categories":[48],"tags":[],"_links":{"self":[{"href":"https:\/\/www.comunicatur.info\/es\/wp-json\/wp\/v2\/posts\/3116"}],"collection":[{"href":"https:\/\/www.comunicatur.info\/es\/wp-json\/wp\/v2\/posts"}],"about":[{"href":"https:\/\/www.comunicatur.info\/es\/wp-json\/wp\/v2\/types\/post"}],"author":[{"embeddable":true,"href":"https:\/\/www.comunicatur.info\/es\/wp-json\/wp\/v2\/users\/1"}],"replies":[{"embeddable":true,"href":"https:\/\/www.comunicatur.info\/es\/wp-json\/wp\/v2\/comments?post=3116"}],"version-history":[{"count":0,"href":"https:\/\/www.comunicatur.info\/es\/wp-json\/wp\/v2\/posts\/3116\/revisions"}],"wp:attachment":[{"href":"https:\/\/www.comunicatur.info\/es\/wp-json\/wp\/v2\/media?parent=3116"}],"wp:term":[{"taxonomy":"category","embeddable":true,"href":"https:\/\/www.comunicatur.info\/es\/wp-json\/wp\/v2\/categories?post=3116"},{"taxonomy":"post_tag","embeddable":true,"href":"https:\/\/www.comunicatur.info\/es\/wp-json\/wp\/v2\/tags?post=3116"}],"curies":[{"name":"wp","href":"https:\/\/api.w.org\/{rel}","templated":true}]}}