{"id":3054,"date":"2011-03-03T00:00:00","date_gmt":"2011-03-03T00:00:00","guid":{"rendered":"https:\/\/comunicatur.info\/la-ruta-del-cister-tindra-participacio-privada-2\/"},"modified":"2011-03-03T00:00:00","modified_gmt":"2011-03-03T00:00:00","slug":"la-ruta-del-cister-tindra-participacio-privada-2","status":"publish","type":"post","link":"https:\/\/www.comunicatur.info\/es\/la-ruta-del-cister-tindra-participacio-privada-2\/","title":{"rendered":"La Ruta del C\u00edster contar\u00e1 con participaci\u00f3n privada"},"content":{"rendered":"<p>Ante la crisis econ&oacute;mica, los sectores p&uacute;blicos y privados del turismo est&aacute;n sumando esfuerzos para poder salir adelante. La Ruta C&iacute;ster, por ejemplo, contar&aacute; a partir de ahora con participaci&oacute;n privada. Y el sector tur&iacute;stico del Solson&egrave;s y el Alt Urgell se ha unido para crear una nueva marca tur&iacute;stica: Serra del Port del Comte.<\/p>\n<p><\/p>\n<p>El Diari de Tarragona daba a conocer hace unos d&iacute;as que, a ra&iacute;z de la falta de recursos que sufren las administraciones, los consejos comarcales del Alt Camp, la Conca de Barber&agrave; y el Urgell buscan la complicidad de los empresarios del sector tur&iacute;stico de la zona para crear un consorcio que cuente con participaci&oacute;n de la iniciativa privada, y que asegure la continuidad de la Ruta del C&iacute;ster.<\/p>\n<p>Durante sus dos d&eacute;cadas de vida, la Ruta del C&iacute;ster ha dado cobijo a un amplio abanico de iniciativas empresariales dirigidas en torno al turismo. As&iacute;, seg&uacute;n las &uacute;ltimas cifras, &eacute;ste es un destino consolidado, puesto que durante 2010 recibi&oacute; un total de 237.000 visitantes, un 1% m&aacute;s que el a&ntilde;o anterior. Seg&uacute;n declaraciones de David Rovira, presidente del Consejo Comarcal de la Conca de Barber&agrave;, al Diario de Tarragona, ahora la Ruta del C&iacute;ster &ldquo;debe proseguir con la implicaci&oacute;n directa y econ&oacute;mica de los empresarios que se benefician de este sector&rdquo;. Y, seg&uacute;n afirma, &ldquo;los profesionales del turismo est&aacute;n de acuerdo&rdquo;.<\/p>\n<p><strong>Serra del Port del Comte<\/strong><\/p>\n<p>Por otra parte, el diario Regi&oacute; 7 tambi&eacute;n informaba hace unos d&iacute;as que el sector tur&iacute;stico del Solson&egrave;s y el Alt Urgell se ha unido para crear una nueva marca tur&iacute;stica que, con la denominaci&oacute;n de Serra del Port del Comte, aglutine la oferta del territorio del valle de la Vansa y Tuix&eacute;n, el valle de Lord, Od&eacute;n y Canalda. El objetivo com&uacute;n es unir esfuerzos para desestacionalizar el turismo de la zona, muy asociado a la temporada de esqu&iacute;, y ofrecer una propuesta atractiva para todo el a&ntilde;o.<\/p>\n<p>Forman parte de esta iniciativa el Consell Comarcal del Solson&egrave;s, los municipios de Sant Lloren&ccedil; de Morunys, la Coma y la Pedra, Od&eacute;n, Canalda, Guixers, Tuix&eacute;n y la Vansa-F&oacute;rnols, as&iacute; como las estaciones de esqu&iacute; de Port del Comte y Tuix&eacute;n-La Vansa, y el Parque Natural del Cad&iacute;-Moixer&oacute;.<\/p>\n","protected":false},"excerpt":{"rendered":"<p>Ante la crisis econ&oacute;mica, los sectores p&uacute;blicos y privados del turismo est&aacute;n sumando esfuerzos para poder salir adelante. La Ruta C&iacute;ster, por ejemplo, contar&aacute; a partir de ahora con participaci&oacute;n privada. Y el sector tur&iacute;stico del Solson&egrave;s y el Alt Urgell se ha unido para crear una nueva marca tur&iacute;stica: Serra del Port del Comte.<\/p>\n","protected":false},"author":1,"featured_media":0,"comment_status":"close","ping_status":"open","sticky":false,"template":"","format":"standard","meta":[],"categories":[19],"tags":[],"_links":{"self":[{"href":"https:\/\/www.comunicatur.info\/es\/wp-json\/wp\/v2\/posts\/3054"}],"collection":[{"href":"https:\/\/www.comunicatur.info\/es\/wp-json\/wp\/v2\/posts"}],"about":[{"href":"https:\/\/www.comunicatur.info\/es\/wp-json\/wp\/v2\/types\/post"}],"author":[{"embeddable":true,"href":"https:\/\/www.comunicatur.info\/es\/wp-json\/wp\/v2\/users\/1"}],"replies":[{"embeddable":true,"href":"https:\/\/www.comunicatur.info\/es\/wp-json\/wp\/v2\/comments?post=3054"}],"version-history":[{"count":0,"href":"https:\/\/www.comunicatur.info\/es\/wp-json\/wp\/v2\/posts\/3054\/revisions"}],"wp:attachment":[{"href":"https:\/\/www.comunicatur.info\/es\/wp-json\/wp\/v2\/media?parent=3054"}],"wp:term":[{"taxonomy":"category","embeddable":true,"href":"https:\/\/www.comunicatur.info\/es\/wp-json\/wp\/v2\/categories?post=3054"},{"taxonomy":"post_tag","embeddable":true,"href":"https:\/\/www.comunicatur.info\/es\/wp-json\/wp\/v2\/tags?post=3054"}],"curies":[{"name":"wp","href":"https:\/\/api.w.org\/{rel}","templated":true}]}}