{"id":2986,"date":"2011-02-09T00:00:00","date_gmt":"2011-02-09T00:00:00","guid":{"rendered":"https:\/\/comunicatur.info\/una-fundacio-privada-substituira-el-patronat-torisme-val-daran-2\/"},"modified":"2011-02-09T00:00:00","modified_gmt":"2011-02-09T00:00:00","slug":"una-fundacio-privada-substituira-el-patronat-torisme-val-daran-2","status":"publish","type":"post","link":"https:\/\/www.comunicatur.info\/es\/una-fundacio-privada-substituira-el-patronat-torisme-val-daran-2\/","title":{"rendered":"Una fundaci\u00f3n privada sustituir\u00e1 al patronato Torisme Val d\u2019Aran"},"content":{"rendered":"<p>El Conselh Generau de la Val d\u2019Aran  crear\u00e1, a mediados de 2011, una fundaci\u00f3n con participaci\u00f3n privada destinada a la promoci\u00f3n tur\u00edstica, que sustituir\u00e1 al patronato Torisme Val d\u2019Aran. Esta nueva fundaci\u00f3n permitir\u00e1 al Conselh Generau incrementar los fondos para la promoci\u00f3n tur\u00edstica de la Val d\u2019Aran e incluso generar ingresos con la venta de productos.<\/p>\n<p>De momento, entre los primeros patronos para crear esta fundaci\u00f3n tur\u00edstica se encuentran el Gremi d\u2019Hostaleria, la C\u00e1mara de Comercio y Baqueira Beret, adem\u00e1s del Conselh Generau, que tiene participaci\u00f3n mayoritaria. <\/p>\n<p>El S\u00edndic de Aran, Francesc Boya, ha afirmado que \u201cel patronato, como ente p\u00fablico, tiene dificultades para comercializar productos\u201d, lo cual s\u00ed que ser\u00e1 posible desde la nueva fundaci\u00f3n. El objetivo del Conselh es que la comercializaci\u00f3n de productos tur\u00edsticos genere m\u00e1s recursos econ\u00f3micos para la promoci\u00f3n tur\u00edstica de la Val d\u2019Aran.<\/p>\n<p>En este sentido, el Conselh Generau est\u00e1 estudiando la posibilidad de vender art\u00edculos de merchandising vinculados a la marca tur\u00edstica Val d\u2019Aran. Asimismo, una de las primeras iniciativas que llevar\u00e1 a cabo el nuevo organismo ser\u00e1 la creaci\u00f3n de una tarjeta que permitir\u00e1 a sus titulares obtener descuentos en alojamientos y servicios tur\u00edsticos, con la finalidad de fidelizar a los turistas que visitan la Val.<\/p>\n<p>Por otra parte, Torisme Val d\u2019Aran ha estado haciendo en los \u00faltimos meses una intensa campa\u00f1a de promoci\u00f3n tur\u00edstica para el mercado israel\u00ed, segundo emisor de turistas en esta destinaci\u00f3n. Dentro de esta campa\u00f1a se enmarca, por ejemplo, la reci\u00e9n visita de 6 medios de comunicaci\u00f3n israel\u00ed, entre los cuales algunos de los principales del pa\u00eds, con el objetivo de conocer de primera mano la oferta tur\u00edstica de la Val d\u2019Aran. O que, este mes de febrero, la Val d\u2019Aran participar\u00e1 por primera vez en la International Mediterranean Tourism Market (IMTM), la feria del turismo m\u00e1s importante de Israel.<\/p>\n","protected":false},"excerpt":{"rendered":"<p>El Conselh Generau de la Val d\u2019Aran  crear\u00e1, a mediados de 2011, una fundaci\u00f3n con participaci\u00f3n privada destinada a la promoci\u00f3n tur\u00edstica, que sustituir\u00e1 al patronato Torisme Val d\u2019Aran. Esta nueva fundaci\u00f3n permitir\u00e1 al Conselh Generau incrementar los fondos para la promoci\u00f3n tur\u00edstica de la Val d\u2019Aran e incluso generar ingresos con la venta de productos.<\/p>\n","protected":false},"author":1,"featured_media":0,"comment_status":"close","ping_status":"open","sticky":false,"template":"","format":"standard","meta":[],"categories":[19],"tags":[],"_links":{"self":[{"href":"https:\/\/www.comunicatur.info\/es\/wp-json\/wp\/v2\/posts\/2986"}],"collection":[{"href":"https:\/\/www.comunicatur.info\/es\/wp-json\/wp\/v2\/posts"}],"about":[{"href":"https:\/\/www.comunicatur.info\/es\/wp-json\/wp\/v2\/types\/post"}],"author":[{"embeddable":true,"href":"https:\/\/www.comunicatur.info\/es\/wp-json\/wp\/v2\/users\/1"}],"replies":[{"embeddable":true,"href":"https:\/\/www.comunicatur.info\/es\/wp-json\/wp\/v2\/comments?post=2986"}],"version-history":[{"count":0,"href":"https:\/\/www.comunicatur.info\/es\/wp-json\/wp\/v2\/posts\/2986\/revisions"}],"wp:attachment":[{"href":"https:\/\/www.comunicatur.info\/es\/wp-json\/wp\/v2\/media?parent=2986"}],"wp:term":[{"taxonomy":"category","embeddable":true,"href":"https:\/\/www.comunicatur.info\/es\/wp-json\/wp\/v2\/categories?post=2986"},{"taxonomy":"post_tag","embeddable":true,"href":"https:\/\/www.comunicatur.info\/es\/wp-json\/wp\/v2\/tags?post=2986"}],"curies":[{"name":"wp","href":"https:\/\/api.w.org\/{rel}","templated":true}]}}