{"id":29814,"date":"2026-09-01T00:00:06","date_gmt":"2026-08-31T22:00:06","guid":{"rendered":"https:\/\/www.comunicatur.info\/?p=29814"},"modified":"2026-08-27T15:45:36","modified_gmt":"2026-08-27T13:45:36","slug":"los-municipios-catalanes-empiezan-a-activar-el-recargo-municipal-sobre-el-impuesto-turistico","status":"publish","type":"post","link":"https:\/\/www.comunicatur.info\/es\/los-municipios-catalanes-empiezan-a-activar-el-recargo-municipal-sobre-el-impuesto-turistico\/","title":{"rendered":"Los municipios catalanes empiezan a activar el recargo municipal sobre el impuesto tur\u00edstico"},"content":{"rendered":"<p class=\"PDq2pG_selectionAnchorContainer\" data-start=\"248\" data-end=\"653\">La nueva posibilidad que tienen los municipios catalanes de aplicar un <strong data-start=\"319\" data-end=\"413\">recargo propio sobre el Impuesto sobre las Estancias en Establecimientos Tur\u00edsticos (IEET)<\/strong> ya empieza a traducirse en decisiones concretas. La normativa permite a los ayuntamientos establecer, mediante ordenanza fiscal, un recargo de hasta <strong data-start=\"563\" data-end=\"594\">4 euros por persona y noche<\/strong>, que podr\u00e1 ser exigible a partir del 1 de octubre de 2026.<\/p>\n<p data-start=\"655\" data-end=\"1068\"><strong data-start=\"655\" data-end=\"716\">Castelldefels y L\u2019Hospitalet ya han aprobado sus recargos<\/strong>, mientras que Sabadell ha dado el primer paso para implantarlo. Los importes var\u00edan seg\u00fan el municipio y la tipolog\u00eda de alojamiento. En Castelldefels, por ejemplo, el suplemento llegar\u00e1 a los <strong data-start=\"910\" data-end=\"955\">4 euros en los hoteles de cinco estrellas<\/strong>, mientras que en L\u2019Hospitalet tambi\u00e9n ser\u00e1 de 4 euros en esta categor\u00eda durante el primer periodo de aplicaci\u00f3n.<\/p>\n<p data-start=\"1070\" data-end=\"1447\">El caso de <strong data-start=\"1081\" data-end=\"1124\">Sabadell es especialmente significativo<\/strong> porque muestra que esta nueva fiscalidad no queda limitada a los grandes destinos tur\u00edsticos. El municipio prev\u00e9 obtener entre <strong data-start=\"1252\" data-end=\"1287\">480.000 y 600.000 euros anuales<\/strong> con el recargo, en una ciudad donde una parte importante de la demanda de alojamiento est\u00e1 vinculada a la actividad empresarial, comercial, ferial y deportiva.<\/p>\n<h4 data-start=\"1070\" data-end=\"1447\"><strong data-start=\"1510\" data-end=\"1576\">Fiscalidad tur\u00edstica diferente seg\u00fan el municipio<\/strong><\/h4>\n<p data-start=\"1449\" data-end=\"1967\" data-is-last-node=\"\" data-is-only-node=\"\">La extensi\u00f3n de esta figura puede configurar progresivamente <strong data-start=\"1510\" data-end=\"1576\">un mapa de fiscalidad tur\u00edstica diferente seg\u00fan cada municipio<\/strong>. El recargo municipal se suma al IEET de la Generalitat y ser\u00e1 gestionado y recaudado por la Ag\u00e8ncia Tribut\u00e0ria de Catalunya mediante los correspondientes convenios con los ayuntamientos. Para el sector, el debate se centra ahora en <strong data-start=\"1810\" data-end=\"1966\">c\u00f3mo se aplicar\u00e1 esta capacidad fiscal, qu\u00e9 impacto tendr\u00e1 sobre la competitividad de los establecimientos y a qu\u00e9 se destinar\u00e1n los recursos recaudados<\/strong>.<\/p>\n","protected":false},"excerpt":{"rendered":"<p>La nueva posibilidad que tienen los municipios catalanes de aplicar un recargo propio sobre el Impuesto sobre las Estancias en Establecimientos Tur\u00edsticos (IEET) ya empieza a traducirse en decisiones concretas. La normativa permite a los ayuntamientos establecer, mediante ordenanza fiscal, un recargo de hasta 4 euros por persona y noche, que podr\u00e1 ser exigible a &hellip;<\/p>\n","protected":false},"author":408,"featured_media":29811,"comment_status":"closed","ping_status":"open","sticky":false,"template":"","format":"standard","meta":[],"categories":[59],"tags":[1037,2901,1256,380,1041,1029,2902,2900,2034,2903,1028,679],"_links":{"self":[{"href":"https:\/\/www.comunicatur.info\/es\/wp-json\/wp\/v2\/posts\/29814"}],"collection":[{"href":"https:\/\/www.comunicatur.info\/es\/wp-json\/wp\/v2\/posts"}],"about":[{"href":"https:\/\/www.comunicatur.info\/es\/wp-json\/wp\/v2\/types\/post"}],"author":[{"embeddable":true,"href":"https:\/\/www.comunicatur.info\/es\/wp-json\/wp\/v2\/users\/408"}],"replies":[{"embeddable":true,"href":"https:\/\/www.comunicatur.info\/es\/wp-json\/wp\/v2\/comments?post=29814"}],"version-history":[{"count":2,"href":"https:\/\/www.comunicatur.info\/es\/wp-json\/wp\/v2\/posts\/29814\/revisions"}],"predecessor-version":[{"id":29816,"href":"https:\/\/www.comunicatur.info\/es\/wp-json\/wp\/v2\/posts\/29814\/revisions\/29816"}],"wp:featuredmedia":[{"embeddable":true,"href":"https:\/\/www.comunicatur.info\/es\/wp-json\/wp\/v2\/media\/29811"}],"wp:attachment":[{"href":"https:\/\/www.comunicatur.info\/es\/wp-json\/wp\/v2\/media?parent=29814"}],"wp:term":[{"taxonomy":"category","embeddable":true,"href":"https:\/\/www.comunicatur.info\/es\/wp-json\/wp\/v2\/categories?post=29814"},{"taxonomy":"post_tag","embeddable":true,"href":"https:\/\/www.comunicatur.info\/es\/wp-json\/wp\/v2\/tags?post=29814"}],"curies":[{"name":"wp","href":"https:\/\/api.w.org\/{rel}","templated":true}]}}