{"id":29226,"date":"2026-04-27T00:00:51","date_gmt":"2026-04-26T22:00:51","guid":{"rendered":"https:\/\/www.comunicatur.info\/?p=29226"},"modified":"2026-04-27T00:08:41","modified_gmt":"2026-04-26T22:08:41","slug":"el-penedes-impulsa-una-red-de-97-km-para-la-practica-del-cicloturismo","status":"publish","type":"post","link":"https:\/\/www.comunicatur.info\/es\/el-penedes-impulsa-una-red-de-97-km-para-la-practica-del-cicloturismo\/","title":{"rendered":"El Pened\u00e8s impulsa una red de 97 km para la pr\u00e1ctica del cicloturismo"},"content":{"rendered":"<p data-start=\"2130\" data-end=\"2525\">El <span class=\"hover:entity-accent entity-underline inline cursor-pointer align-baseline\"><span class=\"whitespace-normal\">Consorci de Promoci\u00f3 Tur\u00edstica del Pened\u00e8s<\/span><\/span> ha presentado el proyecto <strong data-start=\"2197\" data-end=\"2283\">\u201cIntegraci\u00f3n transversal del cicloturismo en Rutas Tur\u00edsticas del destino Pened\u00e8s\u201d<\/strong>, una iniciativa orientada a consolidar el territorio como destino de referencia en este segmento. La actuaci\u00f3n, financiada por la <span class=\"hover:entity-accent entity-underline inline cursor-pointer align-baseline\"><span class=\"whitespace-normal\">Diputaci\u00f3 de Barcelona<\/span><\/span>, se enmarca en la estrategia de desarrollo sostenible y movilidad activa.<\/p>\n<p data-start=\"2527\" data-end=\"2822\">El proyecto abarca <strong data-start=\"2546\" data-end=\"2563\">18 municipios<\/strong> y despliega una red de <strong data-start=\"2587\" data-end=\"2629\">97 kil\u00f3metros de itinerarios ciclables<\/strong>, con cerca de <strong data-start=\"2644\" data-end=\"2674\">500 puntos de se\u00f1alizaci\u00f3n<\/strong>. El objetivo es mejorar la conexi\u00f3n entre localidades, poner en valor el paisaje y el patrimonio y estructurar una oferta ciclotur\u00edstica integrada.<\/p>\n<h4 data-start=\"2824\" data-end=\"2874\"><span role=\"text\"><strong data-start=\"2829\" data-end=\"2874\">Se\u00f1alizaci\u00f3n y servicios para el ciclista<\/strong><\/span><\/h4>\n<p data-start=\"2876\" data-end=\"3157\">Las actuaciones incluyen <strong data-start=\"2901\" data-end=\"2950\">nueva se\u00f1alizaci\u00f3n orientativa y de seguridad<\/strong>, especialmente en ejes como la V\u00eda Augusta y el Cam\u00ed del Riu, as\u00ed como la creaci\u00f3n de <strong data-start=\"3037\" data-end=\"3077\">servicios espec\u00edficos para ciclistas<\/strong>, como estaciones de reparaci\u00f3n, aparcamientos y sistemas de conteo de usuarios.<\/p>\n<p data-start=\"3159\" data-end=\"3366\">El proyecto tambi\u00e9n incorpora elementos de identidad a lo largo de los recorridos y actualiza contenidos interpretativos en itinerarios patrimoniales, con el objetivo de mejorar la experiencia del visitante.<\/p>\n<h4 data-start=\"3368\" data-end=\"3403\"><span role=\"text\"><strong data-start=\"3373\" data-end=\"3403\">Un segmento en crecimiento<\/strong><\/span><\/h4>\n<p data-start=\"3405\" data-end=\"3634\">La iniciativa se alinea con planes como el <strong data-start=\"3448\" data-end=\"3502\">Plan de Sostenibilidad Tur\u00edstica en Destino (PSTD)<\/strong> y refuerza el posicionamiento del Pened\u00e8s en un segmento en crecimiento en Europa. La inversi\u00f3n total asciende a <strong data-start=\"3616\" data-end=\"3633\">364.262 euros<\/strong>.<\/p>\n","protected":false},"excerpt":{"rendered":"<p>El Consorci de Promoci\u00f3 Tur\u00edstica del Pened\u00e8s ha presentado el proyecto \u201cIntegraci\u00f3n transversal del cicloturismo en Rutas Tur\u00edsticas del destino Pened\u00e8s\u201d, una iniciativa orientada a consolidar el territorio como destino de referencia en este segmento. La actuaci\u00f3n, financiada por la Diputaci\u00f3 de Barcelona, se enmarca en la estrategia de desarrollo sostenible y movilidad activa. El &hellip;<\/p>\n","protected":false},"author":408,"featured_media":29224,"comment_status":"closed","ping_status":"open","sticky":false,"template":"","format":"standard","meta":[],"categories":[62],"tags":[1445,1325,2464,1721,2465,2463,1451],"_links":{"self":[{"href":"https:\/\/www.comunicatur.info\/es\/wp-json\/wp\/v2\/posts\/29226"}],"collection":[{"href":"https:\/\/www.comunicatur.info\/es\/wp-json\/wp\/v2\/posts"}],"about":[{"href":"https:\/\/www.comunicatur.info\/es\/wp-json\/wp\/v2\/types\/post"}],"author":[{"embeddable":true,"href":"https:\/\/www.comunicatur.info\/es\/wp-json\/wp\/v2\/users\/408"}],"replies":[{"embeddable":true,"href":"https:\/\/www.comunicatur.info\/es\/wp-json\/wp\/v2\/comments?post=29226"}],"version-history":[{"count":2,"href":"https:\/\/www.comunicatur.info\/es\/wp-json\/wp\/v2\/posts\/29226\/revisions"}],"predecessor-version":[{"id":29228,"href":"https:\/\/www.comunicatur.info\/es\/wp-json\/wp\/v2\/posts\/29226\/revisions\/29228"}],"wp:featuredmedia":[{"embeddable":true,"href":"https:\/\/www.comunicatur.info\/es\/wp-json\/wp\/v2\/media\/29224"}],"wp:attachment":[{"href":"https:\/\/www.comunicatur.info\/es\/wp-json\/wp\/v2\/media?parent=29226"}],"wp:term":[{"taxonomy":"category","embeddable":true,"href":"https:\/\/www.comunicatur.info\/es\/wp-json\/wp\/v2\/categories?post=29226"},{"taxonomy":"post_tag","embeddable":true,"href":"https:\/\/www.comunicatur.info\/es\/wp-json\/wp\/v2\/tags?post=29226"}],"curies":[{"name":"wp","href":"https:\/\/api.w.org\/{rel}","templated":true}]}}