{"id":29009,"date":"2026-03-13T00:00:34","date_gmt":"2026-03-12T22:00:34","guid":{"rendered":"https:\/\/www.comunicatur.info\/?p=29009"},"modified":"2026-03-11T20:51:05","modified_gmt":"2026-03-11T18:51:05","slug":"b-travel-reunira-a-mas-de-100-expositores-y-pondra-el-foco-en-el-turismo-responsable","status":"publish","type":"post","link":"https:\/\/www.comunicatur.info\/es\/b-travel-reunira-a-mas-de-100-expositores-y-pondra-el-foco-en-el-turismo-responsable\/","title":{"rendered":"B-Travel reunir\u00e1 a m\u00e1s de 100 expositores y pondr\u00e1 el foco en el turismo responsable"},"content":{"rendered":"<p data-start=\"3123\" data-end=\"3427\"><a href=\"https:\/\/www.b-travel.com\/exponer\/?utm_source=comunicatur&amp;utm_medium=display&amp;utm_campaign=captacionexpositor\" target=\"_blank\" rel=\"noopener\">El sal\u00f3n <strong data-start=\"3132\" data-end=\"3144\">B-Travel<\/strong>, organizado por <strong data-start=\"3161\" data-end=\"3182\">Fira de Barcelona<\/strong><\/a>, celebrar\u00e1 una nueva edici\u00f3n del <strong data-start=\"3216\" data-end=\"3277\">20 al 22 de marzo en el palacio 8 del recinto de Montju\u00efc<\/strong>, con la participaci\u00f3n de <strong data-start=\"3303\" data-end=\"3329\">m\u00e1s de 100 expositores<\/strong> nacionales e internacionales y con el objetivo de impulsar <strong data-start=\"3389\" data-end=\"3426\">formas de viajar m\u00e1s responsables<\/strong>.<\/p>\n<p data-start=\"3429\" data-end=\"3947\">El certamen contar\u00e1 con la presencia de la mayor\u00eda de <strong data-start=\"3483\" data-end=\"3518\">comunidades aut\u00f3nomas espa\u00f1olas<\/strong>, entre ellas <strong data-start=\"3532\" data-end=\"3652\">Andaluc\u00eda, Arag\u00f3n, Asturias, Canarias, Cantabria, Castilla-La Mancha, Castilla y Le\u00f3n, Galicia, Extremadura o Madrid<\/strong>, adem\u00e1s de destinos como <strong data-start=\"3678\" data-end=\"3689\">Menorca<\/strong>, <strong data-start=\"3691\" data-end=\"3707\">Costa Blanca<\/strong>, <strong data-start=\"3709\" data-end=\"3728\">Oropesa del Mar<\/strong> o <strong data-start=\"3731\" data-end=\"3750\">Vitoria-Gasteiz<\/strong>. Tambi\u00e9n participar\u00e1n la <strong data-start=\"3776\" data-end=\"3807\">Ag\u00e8ncia Catalana de Turisme<\/strong> y los patronatos de las <strong data-start=\"3832\" data-end=\"3889\">diputaciones de Barcelona, Girona, Lleida y Tarragona<\/strong>, que presentar\u00e1n propuestas de <strong data-start=\"3921\" data-end=\"3946\">turismo de proximidad<\/strong>.<\/p>\n<p data-start=\"3949\" data-end=\"4328\">En esta edici\u00f3n, <strong data-start=\"3966\" data-end=\"3977\">Navarra<\/strong> actuar\u00e1 como <strong data-start=\"3991\" data-end=\"4013\">comunidad invitada<\/strong>, mostrando su oferta basada en <strong data-start=\"4045\" data-end=\"4097\">naturaleza, sostenibilidad y tradiciones locales<\/strong>. Seg\u00fan el presidente del sal\u00f3n, <strong data-start=\"4130\" data-end=\"4147\">Mart\u00ed Sarrate<\/strong>, el sector tur\u00edstico debe impulsar un modelo de viaje <strong data-start=\"4202\" data-end=\"4261\">m\u00e1s respetuoso con el entorno y las comunidades locales<\/strong> para responder a la demanda de un viajero cada vez m\u00e1s consciente.<\/p>\n<h4 data-section-id=\"1hzvb1c\" data-start=\"4330\" data-end=\"4354\">Oferta internacional<\/h4>\n<p data-start=\"4356\" data-end=\"4717\">A nivel internacional, <strong data-start=\"4379\" data-end=\"4393\">Uzbekist\u00e1n<\/strong> ser\u00e1 el <strong data-start=\"4402\" data-end=\"4419\">pa\u00eds invitado<\/strong> y presentar\u00e1 su patrimonio cultural e hist\u00f3rico. El sal\u00f3n tambi\u00e9n contar\u00e1 con destinos como <strong data-start=\"4512\" data-end=\"4591\">Croacia, Egipto, Islandia, Indonesia, Portugal o varias regiones de Francia<\/strong>, adem\u00e1s de cerca de <strong data-start=\"4612\" data-end=\"4642\">40 agencias especializadas<\/strong> que ofrecer\u00e1n viajes a destinos de Asia, el \u00c1rtico o los fiordos n\u00f3rdicos.<\/p>\n<h4 data-section-id=\"1d0zdye\" data-start=\"4719\" data-end=\"4755\"><a href=\"https:\/\/www.b-travel.com\/exponer\/?utm_source=comunicatur&amp;utm_medium=display&amp;utm_campaign=captacionexpositor\" target=\"_blank\" rel=\"noopener\">Actividades y espacios tem\u00e1ticos<\/a><\/h4>\n<p data-start=\"4757\" data-end=\"5070\">El programa incluir\u00e1 <strong data-start=\"4778\" data-end=\"4878\">espacios familiares, actividades gastron\u00f3micas, sesiones profesionales y propuestas interactivas<\/strong>. Entre ellas destaca el <strong data-start=\"4903\" data-end=\"4924\">B-Travel Passport<\/strong>, una gimcana en la que los visitantes podr\u00e1n completar pruebas en los estands para obtener sellos y optar a premios valorados en <strong data-start=\"5054\" data-end=\"5069\">5.000 euros<\/strong>.<\/p>\n<p data-start=\"5072\" data-end=\"5484\">La oferta tambi\u00e9n contar\u00e1 con una <strong data-start=\"5106\" data-end=\"5157\">zona enogastron\u00f3mica de productos de proximidad<\/strong>, actividades para ni\u00f1os, proyecciones audiovisuales y un <strong data-start=\"5215\" data-end=\"5232\">tardeo con DJ<\/strong>. Paralelamente, el sal\u00f3n acoger\u00e1 <strong data-start=\"5266\" data-end=\"5317\">sesiones profesionales y espacios de networking<\/strong>, como el <strong data-start=\"5327\" data-end=\"5350\">ACAVE Travel Market<\/strong> o el <strong data-start=\"5356\" data-end=\"5396\">Job Market Place de Barcelona Activa<\/strong>, adem\u00e1s de ponencias sobre <strong data-start=\"5424\" data-end=\"5483\">sostenibilidad, turismo inclusivo y turismo de pantalla<\/strong>.<\/p>\n","protected":false},"excerpt":{"rendered":"<p>El sal\u00f3n B-Travel, organizado por Fira de Barcelona, celebrar\u00e1 una nueva edici\u00f3n del 20 al 22 de marzo en el palacio 8 del recinto de Montju\u00efc, con la participaci\u00f3n de m\u00e1s de 100 expositores nacionales e internacionales y con el objetivo de impulsar formas de viajar m\u00e1s responsables. El certamen contar\u00e1 con la presencia de &hellip;<\/p>\n","protected":false},"author":408,"featured_media":29007,"comment_status":"closed","ping_status":"open","sticky":false,"template":"","format":"standard","meta":[],"categories":[63],"tags":[],"_links":{"self":[{"href":"https:\/\/www.comunicatur.info\/es\/wp-json\/wp\/v2\/posts\/29009"}],"collection":[{"href":"https:\/\/www.comunicatur.info\/es\/wp-json\/wp\/v2\/posts"}],"about":[{"href":"https:\/\/www.comunicatur.info\/es\/wp-json\/wp\/v2\/types\/post"}],"author":[{"embeddable":true,"href":"https:\/\/www.comunicatur.info\/es\/wp-json\/wp\/v2\/users\/408"}],"replies":[{"embeddable":true,"href":"https:\/\/www.comunicatur.info\/es\/wp-json\/wp\/v2\/comments?post=29009"}],"version-history":[{"count":3,"href":"https:\/\/www.comunicatur.info\/es\/wp-json\/wp\/v2\/posts\/29009\/revisions"}],"predecessor-version":[{"id":29012,"href":"https:\/\/www.comunicatur.info\/es\/wp-json\/wp\/v2\/posts\/29009\/revisions\/29012"}],"wp:featuredmedia":[{"embeddable":true,"href":"https:\/\/www.comunicatur.info\/es\/wp-json\/wp\/v2\/media\/29007"}],"wp:attachment":[{"href":"https:\/\/www.comunicatur.info\/es\/wp-json\/wp\/v2\/media?parent=29009"}],"wp:term":[{"taxonomy":"category","embeddable":true,"href":"https:\/\/www.comunicatur.info\/es\/wp-json\/wp\/v2\/categories?post=29009"},{"taxonomy":"post_tag","embeddable":true,"href":"https:\/\/www.comunicatur.info\/es\/wp-json\/wp\/v2\/tags?post=29009"}],"curies":[{"name":"wp","href":"https:\/\/api.w.org\/{rel}","templated":true}]}}