{"id":28488,"date":"2025-12-17T00:00:45","date_gmt":"2025-12-16T22:00:45","guid":{"rendered":"https:\/\/www.comunicatur.info\/?p=28488"},"modified":"2025-12-17T11:41:38","modified_gmt":"2025-12-17T09:41:38","slug":"ibiza-presenta-el-nuevo-centro-de-patrimonio-cultural-inmaterial-ses-nou-rodades","status":"publish","type":"post","link":"https:\/\/www.comunicatur.info\/es\/ibiza-presenta-el-nuevo-centro-de-patrimonio-cultural-inmaterial-ses-nou-rodades\/","title":{"rendered":"Ibiza presenta el nuevo Centro de Patrimonio Cultural Inmaterial Ses Nou Rodades"},"content":{"rendered":"<p>Con el acto de colocaci\u00f3n de la primera piedra, se ha presentado el <a href=\"https:\/\/www.conselldeivissa.es\/es\/actualidad\/noticias\/-\/asset_publisher\/cdspH8T9sYJp\/content\/id\/975100\/maximized\" target=\"_blank\" rel=\"noopener\"><strong>Centro de Cultura Inmaterial Ses Nou Rodades<\/strong><\/a> de Ibiza. <strong>Impulsado por el Departamento de Cultura, Educaci\u00f3n y Patrimonio del Consell Insular d\u2019Eivissa,<\/strong> se ubicar\u00e1 junto al hip\u00f3dromo que hay en la localidad de <a href=\"https:\/\/ibiza.travel\/ca\/localidades\/sant-rafel-de-sa-creu\/\" target=\"_blank\" rel=\"noopener\"><strong>Sant Rafel<\/strong><\/a><strong>, que pertenece al municipio de Sant Antoni de Portmany<\/strong>.<\/p>\n<figure id=\"attachment_28480\" aria-describedby=\"caption-attachment-28480\" style=\"width: 300px\" class=\"wp-caption alignright\"><img class=\"size-medium wp-image-28480\" src=\"https:\/\/www.comunicatur.info\/wp-content\/uploads\/2025\/12\/DCA037_RENDER-4_min-300x169.jpg\" alt=\"\" width=\"300\" height=\"169\" srcset=\"https:\/\/www.comunicatur.info\/wp-content\/uploads\/2025\/12\/DCA037_RENDER-4_min-300x169.jpg 300w, https:\/\/www.comunicatur.info\/wp-content\/uploads\/2025\/12\/DCA037_RENDER-4_min-600x338.jpg 600w, https:\/\/www.comunicatur.info\/wp-content\/uploads\/2025\/12\/DCA037_RENDER-4_min-390x220.jpg 390w, https:\/\/www.comunicatur.info\/wp-content\/uploads\/2025\/12\/DCA037_RENDER-4_min.jpg 640w\" sizes=\"(max-width: 300px) 100vw, 300px\" \/><figcaption id=\"caption-attachment-28480\" class=\"wp-caption-text\">Imagen de maqueta del futuro centro. Foto: Ibiza Travel<\/figcaption><\/figure>\n<p>No es casual el lugar elegido para este complejo cultural, ya que Sant Rafel es <strong>el \u00fanico pueblo de la isla que ha sido declarado \u201cZona de Inter\u00e9s Artesanal\u201d<\/strong>, porque en \u00e9l trabajan algunos de los m\u00e1s reputados ceramistas ibicencos, que han creado escuela con piezas de inspiraci\u00f3n p\u00fanica. Adem\u00e1s, el pueblo est\u00e1 situado en el centro de la isla, pr\u00f3ximo a Eivissa y a tan solo ocho kil\u00f3metros de Sant Antoni de Portmany.<\/p>\n<p>El edificio, de m\u00e1s de 2.000 m<sup>2<\/sup> contar\u00e1 con una sala polivalente para actos y ensayos, una sala para la federaci\u00f3n de<em> colles<\/em>, diversos talleres de m\u00fasica y cer\u00e1mica, una sala de exposiciones de cer\u00e1mica tradicional y habitaciones para alojar a los miembros de otras <em>colles<\/em> visitantes. Tambi\u00e9n tendr\u00e1 biblioteca, archivo, taller infantil, librer\u00eda y un bar-restaurante.<\/p>\n<blockquote><p><em>El centro se financiar\u00e1 parcialmente con el Impuesto del Turismo Sostenible del Govern de las Illes Balears, que aportar\u00e1 1.833.393 euros en la primera fase<\/em><\/p><\/blockquote>\n<p>Pero el proyecto va m\u00e1s all\u00e1, con 6.372 m<sup>2<\/sup> de espacios exteriores, donde habr\u00e1 terrazas, patios, porches, jardines y aparcamiento. Todo ello perfectamente integrado en el paisaje.<em><br \/>\n<\/em>Se trata de un proyecto largo tiempo esperado, como record\u00f3 <strong>el presidente del Consell d\u2019Eivissa, Vicent Mar\u00ed<\/strong>, en el acto de presentaci\u00f3n, ya que indic\u00f3 que <em>\u201cnace de una necesidad hist\u00f3ricamente reclamada: poder disponer de un espacio en condiciones donde ensayar, crear, exponer, investigar y promocionar todo aquello que somos, a trav\u00e9s de nuestro patrimonio inmaterial.\u201d<\/em><\/p>\n<figure id=\"attachment_28482\" aria-describedby=\"caption-attachment-28482\" style=\"width: 300px\" class=\"wp-caption alignright\"><img class=\"wp-image-28482 size-medium\" src=\"https:\/\/www.comunicatur.info\/wp-content\/uploads\/2025\/12\/DCA037_RENDER-6_min-300x169.jpg\" alt=\"\" width=\"300\" height=\"169\" srcset=\"https:\/\/www.comunicatur.info\/wp-content\/uploads\/2025\/12\/DCA037_RENDER-6_min-300x169.jpg 300w, https:\/\/www.comunicatur.info\/wp-content\/uploads\/2025\/12\/DCA037_RENDER-6_min-600x338.jpg 600w, https:\/\/www.comunicatur.info\/wp-content\/uploads\/2025\/12\/DCA037_RENDER-6_min-390x220.jpg 390w, https:\/\/www.comunicatur.info\/wp-content\/uploads\/2025\/12\/DCA037_RENDER-6_min.jpg 640w\" sizes=\"(max-width: 300px) 100vw, 300px\" \/><figcaption id=\"caption-attachment-28482\" class=\"wp-caption-text\">Imagen de maqueta del futuro centro. Foto: Ibiza Travel<\/figcaption><\/figure>\n<p>El proyecto est\u00e1 dise\u00f1ado por el estudio <strong>David Calvo Arquitectos<\/strong>, que tiene su sede en Ibiza y est\u00e1 especializado en servicios integrales de dise\u00f1o arquitect\u00f3nico contempor\u00e1neo. Para esta obra se han inspirado en las iglesias tradicionales de la isla, como la que existe en el propio Sant Rafel y se construir\u00e1 con materiales tradicionales como madera y piedra, aunque combin\u00e1ndolo con vidrio, acero y aluminio. <strong>El resultado ser\u00e1 una construcci\u00f3n sostenible, duradera y emotiva que se integra perfectamente en el paisaje.<\/strong> As\u00ed, por ejemplo, la cubierta sigue la cota natural del terreno y como la parcela donde se ubica est\u00e1 en la misma finca del hip\u00f3dromo, se va a crear un gran jard\u00edn con especies aut\u00f3ctonas que conectar\u00e1 ambos edificios.<\/p>\n<p>Se prev\u00e9 que el centro se inaugure en enero de 2027 y tiene un coste de unos ocho millones de euros, de los cuales cerca de dos millones ser\u00e1n financiados por el <a href=\"https:\/\/illessostenibles.travel\/es\" target=\"_blank\" rel=\"noopener\"><strong>Impuesto del Turismo Sostenible<\/strong><\/a><strong> del Govern de las Illes Balears.<\/strong><\/p>\n<p>Pod\u00e9is ver la situaci\u00f3n y la maqueta del nuevo Centro de Patrimonio Cultural Inmaterial <strong>en un v\u00eddeo del Nou Diari<\/strong> <a href=\"https:\/\/www.youtube.com\/watch?v=nXF54o-E5eg\" target=\"_blank\" rel=\"noopener\"><strong>AQU\u00cd<\/strong><\/a>.<\/p>\n<p><a href=\"https:\/\/ibizacircular.es\/\" target=\"_blank\" rel=\"noopener\"><img class=\"aligncenter wp-image-28486 size-full\" src=\"https:\/\/www.comunicatur.info\/wp-content\/uploads\/2025\/12\/GIF700x90-Comunicatur-2-frame1.gif\" alt=\"\" width=\"700\" height=\"90\" \/><\/a><\/p>\n","protected":false},"excerpt":{"rendered":"<p>Con el acto de colocaci\u00f3n de la primera piedra, se ha presentado el Centro de Cultura Inmaterial Ses Nou Rodades de Ibiza. Impulsado por el Departamento de Cultura, Educaci\u00f3n y Patrimonio del Consell Insular d\u2019Eivissa, se ubicar\u00e1 junto al hip\u00f3dromo que hay en la localidad de Sant Rafel, que pertenece al municipio de Sant Antoni &hellip;<\/p>\n","protected":false},"author":408,"featured_media":28477,"comment_status":"closed","ping_status":"open","sticky":false,"template":"","format":"standard","meta":[],"categories":[62],"tags":[],"_links":{"self":[{"href":"https:\/\/www.comunicatur.info\/es\/wp-json\/wp\/v2\/posts\/28488"}],"collection":[{"href":"https:\/\/www.comunicatur.info\/es\/wp-json\/wp\/v2\/posts"}],"about":[{"href":"https:\/\/www.comunicatur.info\/es\/wp-json\/wp\/v2\/types\/post"}],"author":[{"embeddable":true,"href":"https:\/\/www.comunicatur.info\/es\/wp-json\/wp\/v2\/users\/408"}],"replies":[{"embeddable":true,"href":"https:\/\/www.comunicatur.info\/es\/wp-json\/wp\/v2\/comments?post=28488"}],"version-history":[{"count":2,"href":"https:\/\/www.comunicatur.info\/es\/wp-json\/wp\/v2\/posts\/28488\/revisions"}],"predecessor-version":[{"id":28490,"href":"https:\/\/www.comunicatur.info\/es\/wp-json\/wp\/v2\/posts\/28488\/revisions\/28490"}],"wp:featuredmedia":[{"embeddable":true,"href":"https:\/\/www.comunicatur.info\/es\/wp-json\/wp\/v2\/media\/28477"}],"wp:attachment":[{"href":"https:\/\/www.comunicatur.info\/es\/wp-json\/wp\/v2\/media?parent=28488"}],"wp:term":[{"taxonomy":"category","embeddable":true,"href":"https:\/\/www.comunicatur.info\/es\/wp-json\/wp\/v2\/categories?post=28488"},{"taxonomy":"post_tag","embeddable":true,"href":"https:\/\/www.comunicatur.info\/es\/wp-json\/wp\/v2\/tags?post=28488"}],"curies":[{"name":"wp","href":"https:\/\/api.w.org\/{rel}","templated":true}]}}