{"id":2848,"date":"2010-12-23T00:00:00","date_gmt":"2010-12-23T00:00:00","guid":{"rendered":"https:\/\/comunicatur.info\/lacm-demana-mes-financament-per-als-municipis-turistics-2\/"},"modified":"2010-12-23T00:00:00","modified_gmt":"2010-12-23T00:00:00","slug":"lacm-demana-mes-financament-per-als-municipis-turistics-2","status":"publish","type":"post","link":"https:\/\/www.comunicatur.info\/es\/lacm-demana-mes-financament-per-als-municipis-turistics-2\/","title":{"rendered":"La ACM pide m\u00e1s financiaci\u00f3n para los municipios tur\u00edsticos"},"content":{"rendered":"\n<p>La Asociaci\u00f3n Catalana de Municipios (ACM) considera que \u201chace falta tratar de forma particular la posici\u00f3n de los municipios tur\u00edsticos\u201d, ya que est\u00e1n sufriendo en mayor medida la carencia de recursos de los entes locales y apuesta por dotarlos de un \u201cr\u00e9gimen fiscal diferenciado\u201d.<\/p>\n<p>La ACM explica en un comunicado que \u201cla financiaci\u00f3n actual no tiene en cuenta la poblaci\u00f3n estacional\u201d. La ACM entiende que \u201char\u00eda falta otorgar un r\u00e9gimen fiscal diferenciado, que identifique un municipio tur\u00edstico. El Comit\u00e9 Ejecutivo de la ACM ha aprobado una moci\u00f3n que tambi\u00e9n propone modificar la definici\u00f3n de los municipios tur\u00edsticos prevista en el art\u00edculo 125 del Real decreto Legislativo 2\/2004 de 5 de marzo, reconocer su singularidad y vincular la financiaci\u00f3n suficiente para garantizar la prestaci\u00f3n de servicios de la poblaci\u00f3n flotante. <\/p>\n<p>En este contexto, la Asociaci\u00f3n tambi\u00e9n reclama a la Generalitat de Catalunya el traspaso de la gesti\u00f3n de las playas o que esta administraci\u00f3n \u201casuma subsidiariamente los costes y gastos que se pagan por algunas actuaciones\u201d como la limpieza y mantenimiento de playas o el servicio de socorristas. <\/p>\n<p>La Asociaci\u00f3n ya ha manifestado en reiteradas ocasiones que los ayuntamientos catalanes necesitan mayores recursos y que se hacen cargo de competencias que no han ido acompa\u00f1adas de la correspondiente partida presupuestaria. La situaci\u00f3n se ha agravado con la crisis econ\u00f3mica y la disminuci\u00f3n de ingresos procedentes de otras actividades.<\/p>\n","protected":false},"excerpt":{"rendered":"\n<p>La Asociaci\u00f3n Catalana de Municipios (ACM) considera que \u201chace falta tratar de forma particular la posici\u00f3n de los municipios tur\u00edsticos\u201d, ya que est\u00e1n sufriendo en mayor medida la carencia de recursos de los entes locales y apuesta por dotarlos de un \u201cr\u00e9gimen fiscal diferenciado\u201d.<\/p>\n","protected":false},"author":1,"featured_media":0,"comment_status":"close","ping_status":"open","sticky":false,"template":"","format":"standard","meta":[],"categories":[18],"tags":[],"_links":{"self":[{"href":"https:\/\/www.comunicatur.info\/es\/wp-json\/wp\/v2\/posts\/2848"}],"collection":[{"href":"https:\/\/www.comunicatur.info\/es\/wp-json\/wp\/v2\/posts"}],"about":[{"href":"https:\/\/www.comunicatur.info\/es\/wp-json\/wp\/v2\/types\/post"}],"author":[{"embeddable":true,"href":"https:\/\/www.comunicatur.info\/es\/wp-json\/wp\/v2\/users\/1"}],"replies":[{"embeddable":true,"href":"https:\/\/www.comunicatur.info\/es\/wp-json\/wp\/v2\/comments?post=2848"}],"version-history":[{"count":0,"href":"https:\/\/www.comunicatur.info\/es\/wp-json\/wp\/v2\/posts\/2848\/revisions"}],"wp:attachment":[{"href":"https:\/\/www.comunicatur.info\/es\/wp-json\/wp\/v2\/media?parent=2848"}],"wp:term":[{"taxonomy":"category","embeddable":true,"href":"https:\/\/www.comunicatur.info\/es\/wp-json\/wp\/v2\/categories?post=2848"},{"taxonomy":"post_tag","embeddable":true,"href":"https:\/\/www.comunicatur.info\/es\/wp-json\/wp\/v2\/tags?post=2848"}],"curies":[{"name":"wp","href":"https:\/\/api.w.org\/{rel}","templated":true}]}}