{"id":28464,"date":"2025-12-14T17:57:12","date_gmt":"2025-12-14T15:57:12","guid":{"rendered":"https:\/\/www.comunicatur.info\/?p=28464"},"modified":"2025-12-14T19:28:12","modified_gmt":"2025-12-14T17:28:12","slug":"el-efecto-rosalia-la-gira-de-2026-sacude-las-tendencias-de-viaje-en-europa","status":"publish","type":"post","link":"https:\/\/www.comunicatur.info\/es\/el-efecto-rosalia-la-gira-de-2026-sacude-las-tendencias-de-viaje-en-europa\/","title":{"rendered":"El efecto Rosal\u00eda: la gira de 2026 sacude las tendencias de viaje en Europa"},"content":{"rendered":"<p>La simple publicaci\u00f3n del calendario de la gira <em>Lux 2026<\/em> ha sido suficiente para alterar, en cuesti\u00f3n de horas, el mapa de b\u00fasquedas de viajes en Europa. Sin necesidad d\u2019anuncios adicionales ni campa\u00f1as de m\u00e0rqueting, Rosal\u00eda ha desencadenado un repunte inmediato del inter\u00e9s por volar a las ciudades que acoger\u00e1n sus conciertos, un fen\u00f3meno que anticipa un 2026 marcado por el turismo musical.<\/p>\n<p>Seg\u00fan datos de eDreams, que ha analizado las b\u00fasquedas del 4 de diciembre -el mismo d\u00eda del anuncio de la gira-, destinos como Mil\u00e1n (+140 %), Colonia (+91 %), Z\u00farich (+39 %) o Lyon (+35 %) registraron incrementos s\u00fabitos en la intenci\u00f3n de viajar coincidiendo con las fechas de los conciertos. Madrid tambi\u00e9n experiment\u00f3 un fuerte impulso (+60 %), favorecido por la coincidencia con la Semana Santa.<\/p>\n<p>Aunque el tour solo tendr\u00e1 dos paradas en Espa\u00f1a -Madrid y Barcelona-, los fans espa\u00f1oles ya est\u00e1n explorando opciones en el extranjero para asegurarse una oportunidad de ver a la artista catalana en directo. Las b\u00fasquedas desde Espa\u00f1a se duplican o triplican respecto a las mismas fechas de 2025 en ciudades como Lisboa (+209 %), Berl\u00edn (+183 %), Barcelona (+140 %), Londres (+93 %), Par\u00eds (+90 %) o Mil\u00e1n (+85 %).<\/p>\n<p>El aumento del inter\u00e9s confirma el papel del turismo musical como motor de desplazamietos, un fen\u00f3meno que ya se ve en giras recientes de artistes internacionales, y que ahora Rosal\u00eda consolida tambi\u00e9n a escala europea. Los datos apuntan que la combinaci\u00f3n de conciertos, escapadas cortas y capitales atractivas puede convertir <em>Lux 2026<\/em> en un de los grandes dinamizadores de viajes del pr\u00f3ximo a\u00f1o.<\/p>\n","protected":false},"excerpt":{"rendered":"<p>La simple publicaci\u00f3n del calendario de la gira Lux 2026 ha sido suficiente para alterar, en cuesti\u00f3n de horas, el mapa de b\u00fasquedas de viajes en Europa. Sin necesidad d\u2019anuncios adicionales ni campa\u00f1as de m\u00e0rqueting, Rosal\u00eda ha desencadenado un repunte inmediato del inter\u00e9s por volar a las ciudades que acoger\u00e1n sus conciertos, un fen\u00f3meno que &hellip;<\/p>\n","protected":false},"author":408,"featured_media":28461,"comment_status":"closed","ping_status":"open","sticky":false,"template":"","format":"standard","meta":[],"categories":[73],"tags":[1847,1852,1848,1853,1851,226,546,1097,1850,1473,218,1849],"_links":{"self":[{"href":"https:\/\/www.comunicatur.info\/es\/wp-json\/wp\/v2\/posts\/28464"}],"collection":[{"href":"https:\/\/www.comunicatur.info\/es\/wp-json\/wp\/v2\/posts"}],"about":[{"href":"https:\/\/www.comunicatur.info\/es\/wp-json\/wp\/v2\/types\/post"}],"author":[{"embeddable":true,"href":"https:\/\/www.comunicatur.info\/es\/wp-json\/wp\/v2\/users\/408"}],"replies":[{"embeddable":true,"href":"https:\/\/www.comunicatur.info\/es\/wp-json\/wp\/v2\/comments?post=28464"}],"version-history":[{"count":2,"href":"https:\/\/www.comunicatur.info\/es\/wp-json\/wp\/v2\/posts\/28464\/revisions"}],"predecessor-version":[{"id":28466,"href":"https:\/\/www.comunicatur.info\/es\/wp-json\/wp\/v2\/posts\/28464\/revisions\/28466"}],"wp:featuredmedia":[{"embeddable":true,"href":"https:\/\/www.comunicatur.info\/es\/wp-json\/wp\/v2\/media\/28461"}],"wp:attachment":[{"href":"https:\/\/www.comunicatur.info\/es\/wp-json\/wp\/v2\/media?parent=28464"}],"wp:term":[{"taxonomy":"category","embeddable":true,"href":"https:\/\/www.comunicatur.info\/es\/wp-json\/wp\/v2\/categories?post=28464"},{"taxonomy":"post_tag","embeddable":true,"href":"https:\/\/www.comunicatur.info\/es\/wp-json\/wp\/v2\/tags?post=28464"}],"curies":[{"name":"wp","href":"https:\/\/api.w.org\/{rel}","templated":true}]}}