{"id":2844,"date":"2010-12-17T00:00:00","date_gmt":"2010-12-17T00:00:00","guid":{"rendered":"https:\/\/comunicatur.info\/la-nova-llei-antitabac-minvaria-les-vendes-de-lhostaleria-en-7-000-milions-2\/"},"modified":"2010-12-17T00:00:00","modified_gmt":"2010-12-17T00:00:00","slug":"la-nova-llei-antitabac-minvaria-les-vendes-de-lhostaleria-en-7-000-milions-2","status":"publish","type":"post","link":"https:\/\/www.comunicatur.info\/es\/la-nova-llei-antitabac-minvaria-les-vendes-de-lhostaleria-en-7-000-milions-2\/","title":{"rendered":"La nueva Ley antitabaco mermar\u00eda las ventas de la hosteler\u00eda en 7.000 millones"},"content":{"rendered":"\n<p>El endurecimiento de la Ley de medidas contra el tabaquismo provocar\u00e1 una ca\u00edda de las ventas de bares, restaurantes y cafeter\u00edas de hasta un 10%. Seg\u00fan el Instituto de Estudios Econ\u00f3micos supondr\u00e1 un impacto superior a los 7.000 millones de euros en el conjunto del sector, y una p\u00e9rdida de empleo de entre el 3% y el 3,5%, en torno a 50.000 puestos de trabajo.   <\/p>\n<p>El director general del Instituto de Estudios Econ\u00f3micos (IEE), Juan Iranzo, ha presentado el informe &#8216;Los efectos econ\u00f3micos en el sector de la hosteler\u00eda de la nueva Ley antitabaco en Espa\u00f1a&#8217;, junto con el adjunto a la presidencia de la Federaci\u00f3n Espa\u00f1ola de Hosteler\u00eda y Restauraci\u00f3n (FEHR), Juan Luis Guerra. El estudio apunta que la tendencia en otros pa\u00edses es de retroceder o flexibilizar las prohibiciones, como en Eslovenia, Pa\u00edses Bajos o B\u00e9lgica, al tiempo que indica que los \u00abexcepcionales\u00bb casos de pa\u00edses que han instaurado una normativa prohibicionista, como Irlanda o Reino Unido, constituyen una \u00abevidencia emp\u00edrica de los efectos perniciosos sobre las ventas, la actividad y el empleo\u00bb en los establecimientos de hosteler\u00eda.<\/p>\n<p>Iranzo calific\u00f3 de \u00abinadecuado\u00bb el proyecto de Ley que entrar\u00e1 en vigor el pr\u00f3ximo a\u00f1o, sobre todo en el actual contexto de crisis y de destrucci\u00f3n de empleo, al entender que \u00abno es el momento de poner trabas\u00bb. Advirti\u00f3 de que se trata de un sector \u00abmuy perjudicado\u00bb por la crisis, con un descenso de las ventas del 13,4% desde 2008 y una destrucci\u00f3n de actividad y empleo del 4,5% y el 2%, respectivamente. El informe del Instituto aboga por una subida de la fiscalidad como la aprobada la semana pasada como \u00abmecanismo de desincentivaci\u00f3n\u00bb.<\/p>\n<p>Desde la FEHR, Juan Luis Guerra, afirma quela Ley es de un \u00abprohibicionismo radical y excepcional\u00bb, e hizo referencia al caso griego, donde los hosteleros \u00abse vieron arruinados\u00bb y prefirieron \u00abde forma masiva\u00bb arriesgarse a afrontar las posibles sanciones. Guerra insisti\u00f3 en la propuesta de la patronal del sector para crear zonas reducidas para fumadores en los establecimientos hosteleros a los que no accedan camareros ni menores y dejen al menos un 70% de espacios sin humo para los no fumadores. \/Ag EP<\/p>\n","protected":false},"excerpt":{"rendered":"\n<p>El endurecimiento de la Ley de medidas contra el tabaquismo provocar\u00e1 una ca\u00edda de las ventas de bares, restaurantes y cafeter\u00edas de hasta un 10%. Seg\u00fan el Instituto de Estudios Econ\u00f3micos supondr\u00e1 un impacto superior a los 7.000 millones de euros en el conjunto del sector, y una p\u00e9rdida de empleo de entre el 3% y el 3,5%, en torno a 50.000 puestos de trabajo. <\/p>\n","protected":false},"author":1,"featured_media":0,"comment_status":"close","ping_status":"open","sticky":false,"template":"","format":"standard","meta":[],"categories":[40],"tags":[],"_links":{"self":[{"href":"https:\/\/www.comunicatur.info\/es\/wp-json\/wp\/v2\/posts\/2844"}],"collection":[{"href":"https:\/\/www.comunicatur.info\/es\/wp-json\/wp\/v2\/posts"}],"about":[{"href":"https:\/\/www.comunicatur.info\/es\/wp-json\/wp\/v2\/types\/post"}],"author":[{"embeddable":true,"href":"https:\/\/www.comunicatur.info\/es\/wp-json\/wp\/v2\/users\/1"}],"replies":[{"embeddable":true,"href":"https:\/\/www.comunicatur.info\/es\/wp-json\/wp\/v2\/comments?post=2844"}],"version-history":[{"count":0,"href":"https:\/\/www.comunicatur.info\/es\/wp-json\/wp\/v2\/posts\/2844\/revisions"}],"wp:attachment":[{"href":"https:\/\/www.comunicatur.info\/es\/wp-json\/wp\/v2\/media?parent=2844"}],"wp:term":[{"taxonomy":"category","embeddable":true,"href":"https:\/\/www.comunicatur.info\/es\/wp-json\/wp\/v2\/categories?post=2844"},{"taxonomy":"post_tag","embeddable":true,"href":"https:\/\/www.comunicatur.info\/es\/wp-json\/wp\/v2\/tags?post=2844"}],"curies":[{"name":"wp","href":"https:\/\/api.w.org\/{rel}","templated":true}]}}