{"id":28191,"date":"2025-10-31T00:00:08","date_gmt":"2025-10-30T22:00:08","guid":{"rendered":"https:\/\/www.comunicatur.info\/?p=28191"},"modified":"2025-10-31T12:26:51","modified_gmt":"2025-10-31T10:26:51","slug":"crece-el-turismo-en-las-comarcas-interiores-de-la-provincia-de-barcelona","status":"publish","type":"post","link":"https:\/\/www.comunicatur.info\/es\/crece-el-turismo-en-las-comarcas-interiores-de-la-provincia-de-barcelona\/","title":{"rendered":"Crece el turismo en las comarcas interiores de la provincia de Barcelona"},"content":{"rendered":"<p>Poco a poco los esfuerzos de la Diputaci\u00f3n de Barcelona para conseguir que los turistas visiten tambi\u00e9n las comarcas interiores de la provincia van obteniendo sus frutos. As\u00ed se deduce de los resultados del informe <a href=\"https:\/\/www.diba.cat\/documents\/553295\/440649420\/Informe+activitat+tur%C3%ADstica+Entorn+de+Barcelona-Estiu+2025+v2+%282%29.pdf\/45ad898e-bbf1-7bc9-74cf-bc1acdedb526?t=1761647348548\" target=\"_blank\" rel=\"noopener\"><strong>\u201cBalance Verano 2025 &#8211; Actividad tur\u00edstica en el entorno de Barcelona\u201d<\/strong><\/a> que ha elaborado el Laboratorio de Turismo de la Diputaci\u00f3n de Barcelona (LabTurismo)\u00a0con datos de julio y agosto del 2025.<\/p>\n<p>As\u00ed, por ejemplo, <strong>las comarcas del Entorno de Barcelona (comarcas de la provincia menos el Barcelon\u00e8s) recibieron 1,37 millones de viajeros, un 9,3% m\u00e1s que en 2024<\/strong> y cinco puntos por encima de la media catalana (2,7%).<br \/>\nEste aumento en el n\u00famero de viajeros <strong>no se corresponde con el aumento en el n\u00famero de pernoctaciones, que ha sido de solo un 1,5%. Esto significa una reducci\u00f3n en la estancia media de un 7,1%, situ\u00e1ndose en 3,6 noches.<\/strong><\/p>\n<p>Pero el dato m\u00e1s significativo es que <strong>el aumento se ha debido principalmente a las comarcas de interior:<\/strong> el Alt Pened\u00e8s (+23,4%), el Bages (+20,6%), el Bergued\u00e0 (+15,6%) y el\u00a0Moian\u00e8s\u00a0(10,4%).<\/p>\n<p>Por el contrario, el informe ha detectado una <strong>desaceleraci\u00f3n en las comarcas del litoral.<\/strong> As\u00ed el Maresme cae un 9%; el Baix Llobregat un 20,4% y el Garraf un 1,2%.<\/p>\n<p><strong>Otros datos de inter\u00e9s son las siguientes:<\/strong><\/p>\n<p>\u2022 El <strong>turismo extranjero<\/strong> tiene un peso del 60,4% del total de turistas recibidos, y se incrementa respecto al 2024, tanto en n\u00famero de turistas (+12,0%) como de pernoctaciones (+5,3%).<\/p>\n<ul>\n<li>N\u00famero de pernoctaciones por pa\u00edses: Francia, 23,7%; Alemania, 13,4%; Pa\u00edses Bajos, 12,9%; Reino Unido, 9,5%; Italia, 4,8%; B\u00e9lgica, 4,5%; EE. UU. y Canad\u00e1, 3,9%.<\/li>\n<li><strong>El turismo dom\u00e9stico<\/strong>, que tiene un peso del 39,6% en verano, crece en n\u00famero de viajeros (+5,5%), pero decrece en pernoctaciones (-6,2%). M\u00e1s del 75% proceden de la propia Catalu\u00f1a.<\/li>\n<li>N\u00famero de pernoctaciones del turismo dom\u00e9stico: Catalu\u00f1a 77,7%; Comunidad de Madrid 5,2%; Pa\u00eds Vasco 3%; Andaluc\u00eda 3,0%; Comunidad Valenciana 2,9%.<\/li>\n<li><strong>Alojamientos:<\/strong> un 75% de los viajeros ha escogido un establecimiento hotelero (+6,1%). Los campings son los alojamientos que tienen una mayor crecida en n\u00famero de viajeros respecto al a\u00f1o pasado (+23,7%). El turismo rural baja un 5,1%.<\/li>\n<li>El precio de los alojamientos se ha incrementado en todas las categor\u00edas, pero destaca el aumento de los campings (+18,8%) y del turismo rural (+9,4%). El precio de los establecimientos hoteleros se ha situado en los 117,6 \u20ac por habitaci\u00f3n (+0,6%), despu\u00e9s de los aumentos continuados de los \u00faltimos a\u00f1os.<\/li>\n<li><strong>Perfil del visitante:<\/strong> el 65,8% viaja por ocio. Un 50% lo hace en pareja y es la primera vez que visita las comarcas de Barcelona. Casi el 60% utiliza el veh\u00edculo privado para llegar al destino.<\/li>\n<li><strong>Actividades:<\/strong> compras (47,1%); visitas culturales (43,9%); ir a la playa (36,5%).<\/li>\n<li><strong>Gasto por persona:<\/strong> 710 \u20ac (-4,3%). Destaca la bajada de la partida destinada al transporte (-8,8%), a pesar de que tambi\u00e9n baja el presupuesto dedicado al alojamiento (-3,7%) y a la estancia (-0,9%).<\/li>\n<\/ul>\n<p>Pod\u00e9is consultar el extenso informe (72 p\u00e1ginas) del balance del verano 2025 en el Entorno de Barcelona del Laboratorio de Turismo de la Diputaci\u00f3n de Barcelona (LabTurismo)\u00a0<a href=\"https:\/\/www.diba.cat\/documents\/553295\/440649420\/Informe+activitat+tur%C3%ADstica+Entorn+de+Barcelona-Estiu+2025+v2+%282%29.pdf\/45ad898e-bbf1-7bc9-74cf-bc1acdedb526?t=1761647348548\" target=\"_blank\" rel=\"noopener\"><strong>AQU\u00cd.<\/strong><\/a><br \/>\nVer\u00e9is que hay un desglose importante de cada uno de los contenidos que os hemos resumido.<\/p>\n<p>Si est\u00e1is interesados en los datos de cada comarca del Entorno de Barcelona (todas las de la provincia menos el Barcelon\u00e8s), pod\u00e9is acceder a <a href=\"https:\/\/www.diba.cat\/ca\/web\/turisme\/activitat-tur%C3%ADstica-per%C3%ADode-conjuntural\" target=\"_blank\" rel=\"noopener\"><strong>ESTE ENLACE<\/strong><\/a> donde encontrar\u00e9is el informe de la actividad tur\u00edstica de cada una.<\/p>\n<p style=\"text-align: right;\"><em>En colaboraci\u00f3n con la Diputaci\u00f3n de Barcelona<\/em><\/p>\n","protected":false},"excerpt":{"rendered":"<p>Poco a poco los esfuerzos de la Diputaci\u00f3n de Barcelona para conseguir que los turistas visiten tambi\u00e9n las comarcas interiores de la provincia van obteniendo sus frutos. As\u00ed se deduce de los resultados del informe \u201cBalance Verano 2025 &#8211; Actividad tur\u00edstica en el entorno de Barcelona\u201d que ha elaborado el Laboratorio de Turismo de la &hellip;<\/p>\n","protected":false},"author":408,"featured_media":28185,"comment_status":"closed","ping_status":"open","sticky":false,"template":"","format":"standard","meta":[],"categories":[74],"tags":[],"_links":{"self":[{"href":"https:\/\/www.comunicatur.info\/es\/wp-json\/wp\/v2\/posts\/28191"}],"collection":[{"href":"https:\/\/www.comunicatur.info\/es\/wp-json\/wp\/v2\/posts"}],"about":[{"href":"https:\/\/www.comunicatur.info\/es\/wp-json\/wp\/v2\/types\/post"}],"author":[{"embeddable":true,"href":"https:\/\/www.comunicatur.info\/es\/wp-json\/wp\/v2\/users\/408"}],"replies":[{"embeddable":true,"href":"https:\/\/www.comunicatur.info\/es\/wp-json\/wp\/v2\/comments?post=28191"}],"version-history":[{"count":3,"href":"https:\/\/www.comunicatur.info\/es\/wp-json\/wp\/v2\/posts\/28191\/revisions"}],"predecessor-version":[{"id":28194,"href":"https:\/\/www.comunicatur.info\/es\/wp-json\/wp\/v2\/posts\/28191\/revisions\/28194"}],"wp:featuredmedia":[{"embeddable":true,"href":"https:\/\/www.comunicatur.info\/es\/wp-json\/wp\/v2\/media\/28185"}],"wp:attachment":[{"href":"https:\/\/www.comunicatur.info\/es\/wp-json\/wp\/v2\/media?parent=28191"}],"wp:term":[{"taxonomy":"category","embeddable":true,"href":"https:\/\/www.comunicatur.info\/es\/wp-json\/wp\/v2\/categories?post=28191"},{"taxonomy":"post_tag","embeddable":true,"href":"https:\/\/www.comunicatur.info\/es\/wp-json\/wp\/v2\/tags?post=28191"}],"curies":[{"name":"wp","href":"https:\/\/api.w.org\/{rel}","templated":true}]}}