{"id":28166,"date":"2025-10-28T00:00:49","date_gmt":"2025-10-27T22:00:49","guid":{"rendered":"https:\/\/www.comunicatur.info\/?p=28166"},"modified":"2025-10-28T10:55:42","modified_gmt":"2025-10-28T08:55:42","slug":"el-turismo-en-cataluna-reduce-su-estacionalidad-y-alarga-la-temporada-alta-hasta-octubre","status":"publish","type":"post","link":"https:\/\/www.comunicatur.info\/es\/el-turismo-en-cataluna-reduce-su-estacionalidad-y-alarga-la-temporada-alta-hasta-octubre\/","title":{"rendered":"El turismo en Catalu\u00f1a reduce su estacionalidad y alarga la temporada alta hasta octubre"},"content":{"rendered":"<p>El turismo en Catalu\u00f1a avanza hacia una mayor desestacionalizaci\u00f3n. Seg\u00fan el <em>Estudio de la estacionalidad del turismo en Catalu\u00f1a 2024<\/em> del Departamento de Empresa y Trabajo, la concentraci\u00f3n de visitantes durante los meses de verano sigue disminuyendo, con una distribuci\u00f3n m\u00e1s uniforme del flujo tur\u00edstico a lo largo del a\u00f1o. El \u00edndice de estacionalidad cay\u00f3 hasta el <strong>35,9%<\/strong> en 2024, frente al <strong>50,9%<\/strong> de 2021.<\/p>\n<p>El fen\u00f3meno se explica por el incremento de llegadas en los meses de invierno y por una <strong>temporada alta que se extiende de marzo a octubre<\/strong>. La relaci\u00f3n entre los meses estivales y los de invierno (ratio est\u00edo\/invierno) ha pasado de <strong>2,54<\/strong> en 2021 a <strong>1,83<\/strong> en 2024, mostrando una menor concentraci\u00f3n estacional.<\/p>\n<p>Las comarcas del litoral contin\u00faan siendo las m\u00e1s tur\u00edsticas, con un \u00edndice del <strong>36,9%<\/strong>, pero tambi\u00e9n las que m\u00e1s han contribuido a reducir la estacionalidad. En las comarcas de monta\u00f1a, el valor se mantiene estable (<strong>33,9%<\/strong>), y en las del interior baja hasta el <strong>29,5%<\/strong>.<\/p>\n<p>Por mercados, el <strong>turismo extranjero<\/strong> sigue siendo el m\u00e1s estacional (<strong>37,2%<\/strong>), aunque su peso estival se modera progresivamente. Los <strong>viajeros catalanes<\/strong> presentan un \u00edndice del <strong>35,6%<\/strong>, y los procedentes del resto del Estado, del <strong>33,3%<\/strong>.<\/p>\n<p>El estudio subraya que <strong>abril<\/strong> se consolida como el inicio de la temporada tur\u00edstica, coincidiendo a menudo con la Semana Santa y el auge del turismo europeo, mientras que <strong>octubre<\/strong> gana protagonismo como mes de cierre de temporada.<\/p>\n<p>Desde la Direcci\u00f3n General de Turismo se\u00f1alan que \u201cCatalu\u00f1a avanza hacia un modelo m\u00e1s equilibrado y sostenible, con una distribuci\u00f3n m\u00e1s homog\u00e9nea de los flujos tur\u00edsticos\u201d.<\/p>\n<p><a href=\"https:\/\/empresa.gencat.cat\/ca\/treb_ambits_actuacio\/turisme\/coneixement_planificacio\/estadistiques-turistiques\/estacionalitat\/\" target=\"_blank\" rel=\"noopener\">Accede al informe de estacionalidad<\/a><\/p>\n","protected":false},"excerpt":{"rendered":"<p>El turismo en Catalu\u00f1a avanza hacia una mayor desestacionalizaci\u00f3n. Seg\u00fan el Estudio de la estacionalidad del turismo en Catalu\u00f1a 2024 del Departamento de Empresa y Trabajo, la concentraci\u00f3n de visitantes durante los meses de verano sigue disminuyendo, con una distribuci\u00f3n m\u00e1s uniforme del flujo tur\u00edstico a lo largo del a\u00f1o. El \u00edndice de estacionalidad cay\u00f3 &hellip;<\/p>\n","protected":false},"author":408,"featured_media":28164,"comment_status":"closed","ping_status":"open","sticky":false,"template":"","format":"standard","meta":[],"categories":[74],"tags":[292,1635,1129,172,454,824,1637,1636,1631,1632,268,1634,1633],"_links":{"self":[{"href":"https:\/\/www.comunicatur.info\/es\/wp-json\/wp\/v2\/posts\/28166"}],"collection":[{"href":"https:\/\/www.comunicatur.info\/es\/wp-json\/wp\/v2\/posts"}],"about":[{"href":"https:\/\/www.comunicatur.info\/es\/wp-json\/wp\/v2\/types\/post"}],"author":[{"embeddable":true,"href":"https:\/\/www.comunicatur.info\/es\/wp-json\/wp\/v2\/users\/408"}],"replies":[{"embeddable":true,"href":"https:\/\/www.comunicatur.info\/es\/wp-json\/wp\/v2\/comments?post=28166"}],"version-history":[{"count":2,"href":"https:\/\/www.comunicatur.info\/es\/wp-json\/wp\/v2\/posts\/28166\/revisions"}],"predecessor-version":[{"id":28169,"href":"https:\/\/www.comunicatur.info\/es\/wp-json\/wp\/v2\/posts\/28166\/revisions\/28169"}],"wp:featuredmedia":[{"embeddable":true,"href":"https:\/\/www.comunicatur.info\/es\/wp-json\/wp\/v2\/media\/28164"}],"wp:attachment":[{"href":"https:\/\/www.comunicatur.info\/es\/wp-json\/wp\/v2\/media?parent=28166"}],"wp:term":[{"taxonomy":"category","embeddable":true,"href":"https:\/\/www.comunicatur.info\/es\/wp-json\/wp\/v2\/categories?post=28166"},{"taxonomy":"post_tag","embeddable":true,"href":"https:\/\/www.comunicatur.info\/es\/wp-json\/wp\/v2\/tags?post=28166"}],"curies":[{"name":"wp","href":"https:\/\/api.w.org\/{rel}","templated":true}]}}