{"id":2790,"date":"2010-11-22T00:00:00","date_gmt":"2010-11-22T00:00:00","guid":{"rendered":"https:\/\/comunicatur.info\/catalunya-tindra-un-programa-propi-per-atreure-turisme-senior-2\/"},"modified":"2010-11-22T00:00:00","modified_gmt":"2010-11-22T00:00:00","slug":"catalunya-tindra-un-programa-propi-per-atreure-turisme-senior-2","status":"publish","type":"post","link":"https:\/\/www.comunicatur.info\/es\/catalunya-tindra-un-programa-propi-per-atreure-turisme-senior-2\/","title":{"rendered":"Catalu\u00f1a tendr\u00e1 un programa propio para atraer Turismo S\u00e9nior"},"content":{"rendered":"<p>Los hoteleros del Maresme han puesto en marcha un programa para atraer en temporada baja turistas s&eacute;niors de los mercados europeos. Ser&aacute;n los propios empresarios catalanes los que tendr&aacute;n que ajustar el precio del paquete para hacerlo atractivo a los turoperadores europeos ya que no cuentan con subvenci&oacute;n p&uacute;blica para este aspecto. El proyecto nace al margen del impulsado por la Secretar&iacute;a de Estado de Turismo y algunas Comunidades Aut&oacute;nomas.<\/p>\n<p><\/p>\n<p>La Agencia Catalana de Turismo lo apoyar&aacute; encarg&aacute;ndose de crear la marca &ldquo;Catalunya Turisme S&egrave;nior&rdquo; y ofreci&eacute;ndole una cobertura promocional. La iniciativa quiere atraer a unos 40 mil turistas s&eacute;niors el 2011 y de esta manera mantener los establecimientos abiertos durante m&aacute;s tiempo y prolongar el periodo de contrataci&oacute;n del personal hotelero.<\/p>\n<p>El director general de Turismo de la Generalitat, Joan Carles Vilalta, y el presidente del Gremio de Empresarios de Hosteler&iacute;a del Alto Maresme-Costa de Barcelona, Santiago Garc&iacute;a-Nieto, ya han firmado un convenio para activar el proyecto piloto &ldquo;Catalunya Turisme S&egrave;nior&rdquo;. El sector hotelero crear&aacute; unos paquetes pensados especialmente para el colectivo de personas de m&aacute;s de 55 a&ntilde;os, en estancias de 7, 14 o 21 d&iacute;as. La Generalitat, para garantizar la calidad del sello &ldquo;Catalunya S&egrave;nior&rdquo;, definir&aacute; las caracter&iacute;sticas, contenidos, productos y servicios que deben cumplir las empresas y destinos que quieran formar parte de dicho sello de especializaci&oacute;n.<\/p>\n<p>El proyecto &ldquo;Catalunya Turisme S&egrave;nior&rdquo; se empezar&aacute; a implementar en la Costa de Barcelona-Maresme pero est&aacute; previsto ampliarla a la Costa Dorada, la Costa Brava y a zonas de interior y de monta&ntilde;a. En la segunda fase del proyecto, en 2012, se ofertar&aacute;n hasta 70 mil plazas.<\/p>\n<p><strong>Una reclamaci&oacute;n del sector hotelero catal&aacute;n<\/strong><\/p>\n<p>La Generalitat se desvincul&oacute; en 2009 y 2010 de la iniciativa &ldquo;Turismo S&eacute;nior Europa&rdquo; de la Secretar&iacute;a de Estado de Turismo porque consideraba que la contribuci&oacute;n econ&oacute;mica que deb&iacute;a realizar para subvencionar los paquetes tur&iacute;sticos era excesiva. El sector catal&aacute;n era partidario de explotar este segmento con un alto potencial y que permite estimular la actividad tur&iacute;stica en temporada baja y combatir as&iacute; la estacionalidad.<\/p>\n<p>La Secretaria de Estado afirm&oacute; este verano que en el primer a&ntilde;o de ejecuci&oacute;n del programa S&eacute;nior Europa en el cual participaran Andaluc&iacute;a y Baleares, han invertido 5,2 millones de euros en el programa, &ldquo;lo que ha generado un super&aacute;vit en la Balanza por cuenta corriente de 24,2 millones de euros&rdquo;. &ldquo;La inversi&oacute;n ha sido ampliamente recuperada, ya que por cada euro se han ingresado 1,32 euros gracias a unos mayores ingresos en recaudaci&oacute;n de la Seguridad Social, impuestos de Sociedades, IRPF e IVA, y al ahorro en las prestaciones por desempleo&rdquo;, afirma la Administraci&oacute;n. El gremio de hosteler&iacute;a del Maresme ha dado el primer paso para comercializar sus paquetes directamente con los turoperadores sin ninguna subvenci&oacute;n de la administraci&oacute;n.<\/p>\n","protected":false},"excerpt":{"rendered":"<p>Los hoteleros del Maresme han puesto en marcha un programa para atraer en temporada baja turistas s&eacute;niors de los mercados europeos. Ser&aacute;n los propios empresarios catalanes los que tendr&aacute;n que ajustar el precio del paquete para hacerlo atractivo a los turoperadores europeos ya que no cuentan con subvenci&oacute;n p&uacute;blica para este aspecto. El proyecto nace al margen del impulsado por la Secretar&iacute;a de Estado de Turismo y algunas Comunidades Aut&oacute;nomas.<\/p>\n","protected":false},"author":1,"featured_media":0,"comment_status":"close","ping_status":"open","sticky":false,"template":"","format":"standard","meta":[],"categories":[18],"tags":[],"_links":{"self":[{"href":"https:\/\/www.comunicatur.info\/es\/wp-json\/wp\/v2\/posts\/2790"}],"collection":[{"href":"https:\/\/www.comunicatur.info\/es\/wp-json\/wp\/v2\/posts"}],"about":[{"href":"https:\/\/www.comunicatur.info\/es\/wp-json\/wp\/v2\/types\/post"}],"author":[{"embeddable":true,"href":"https:\/\/www.comunicatur.info\/es\/wp-json\/wp\/v2\/users\/1"}],"replies":[{"embeddable":true,"href":"https:\/\/www.comunicatur.info\/es\/wp-json\/wp\/v2\/comments?post=2790"}],"version-history":[{"count":0,"href":"https:\/\/www.comunicatur.info\/es\/wp-json\/wp\/v2\/posts\/2790\/revisions"}],"wp:attachment":[{"href":"https:\/\/www.comunicatur.info\/es\/wp-json\/wp\/v2\/media?parent=2790"}],"wp:term":[{"taxonomy":"category","embeddable":true,"href":"https:\/\/www.comunicatur.info\/es\/wp-json\/wp\/v2\/categories?post=2790"},{"taxonomy":"post_tag","embeddable":true,"href":"https:\/\/www.comunicatur.info\/es\/wp-json\/wp\/v2\/tags?post=2790"}],"curies":[{"name":"wp","href":"https:\/\/api.w.org\/{rel}","templated":true}]}}