{"id":27815,"date":"2025-09-15T00:00:11","date_gmt":"2025-09-14T22:00:11","guid":{"rendered":"https:\/\/www.comunicatur.info\/?p=27815"},"modified":"2025-09-11T14:19:50","modified_gmt":"2025-09-11T12:19:50","slug":"el-govern-regula-la-gestion-del-riesgo-de-inundacion-en-los-campings-de-cataluna","status":"publish","type":"post","link":"https:\/\/www.comunicatur.info\/es\/el-govern-regula-la-gestion-del-riesgo-de-inundacion-en-los-campings-de-cataluna\/","title":{"rendered":"El Govern regula la gesti\u00f3n del riesgo de inundaci\u00f3n en los campings de Catalu\u00f1a"},"content":{"rendered":"<p>El Govern de Catalunya ha aprobado un <strong>nuevo decreto ley<\/strong> que regular\u00e1 los mecanismos para <strong>evaluar la viabilidad de la gesti\u00f3n del riesgo de inundaci\u00f3n en los campings<\/strong> situados en zonas pr\u00f3ximas a cursos fluviales o \u00e1reas inundables. La medida busca <strong>garantizar la seguridad de las personas<\/strong> en un contexto de emergencia clim\u00e1tica y de episodios de lluvias torrenciales cada vez m\u00e1s frecuentes.<\/p>\n<p>Con el nuevo decreto el sector se asegura que se revisar\u00e1 cada camping de forma particular e individualizada y que no se har\u00e1n listas negras de campings que deben cerrar. El departamento de Interior quiere que el decreto d\u00e9 garant\u00edas jur\u00eddicas a las decisiones que tomen los t\u00e9cnicos sobre las medidas de seguridad que debe implementar cada establecimiento.<\/p>\n<h4>Tres \u00f3rganos para evaluar y resolver los riesgos<\/h4>\n<p><img class=\"alignright size-medium wp-image-27820\" src=\"https:\/\/www.comunicatur.info\/wp-content\/uploads\/2025\/09\/Gencat_Campings_acord_innundacio-300x200.jpeg\" alt=\"\" width=\"300\" height=\"200\" srcset=\"https:\/\/www.comunicatur.info\/wp-content\/uploads\/2025\/09\/Gencat_Campings_acord_innundacio-300x200.jpeg 300w, https:\/\/www.comunicatur.info\/wp-content\/uploads\/2025\/09\/Gencat_Campings_acord_innundacio-1024x682.jpeg 1024w, https:\/\/www.comunicatur.info\/wp-content\/uploads\/2025\/09\/Gencat_Campings_acord_innundacio-768x512.jpeg 768w, https:\/\/www.comunicatur.info\/wp-content\/uploads\/2025\/09\/Gencat_Campings_acord_innundacio-600x400.jpeg 600w, https:\/\/www.comunicatur.info\/wp-content\/uploads\/2025\/09\/Gencat_Campings_acord_innundacio-1536x1023.jpeg 1536w, https:\/\/www.comunicatur.info\/wp-content\/uploads\/2025\/09\/Gencat_Campings_acord_innundacio.jpeg 1600w\" sizes=\"(max-width: 300px) 100vw, 300px\" \/>La normativa prev\u00e9 la creaci\u00f3n de <strong>tres \u00f3rganos espec\u00edficos<\/strong>:<\/p>\n<ul>\n<li>La <strong>Comisi\u00f3n T\u00e9cnica de Campings<\/strong>, encargada de iniciar los procedimientos y formular las propuestas de resoluci\u00f3n con informes t\u00e9cnicos de Protecci\u00f3n Civil, ACA, CHE o el Servei Meteorol\u00f2gic de Catalunya.<\/li>\n<li>La <strong>Comisi\u00f3n de Gobierno de Campings<\/strong>, que tendr\u00e1 la funci\u00f3n de resolver los procedimientos y establecer las medidas correctoras necesarias.<\/li>\n<li>El <strong>Consejo Asesor y de Participaci\u00f3n en materia de Campings<\/strong>, que incorporar\u00e1 administraciones locales, representantes del sector y expertos independientes para garantizar un enfoque multidisciplinar.<\/li>\n<\/ul>\n<h4>Un decreto impulsado tras la DANA de 2024<\/h4>\n<p>El nuevo marco regulador tiene su origen en el <strong>mandato del president de la Generalitat despu\u00e9s de la DANA del oto\u00f1o de 2024<\/strong>, que evidenci\u00f3 la necesidad de reforzar los protocolos de seguridad en este tipo de instalaciones.<\/p>\n<p>En la elaboraci\u00f3n del decreto se ha trabajado con la <strong>Federaci\u00f3n Catalana de Campings<\/strong> y las entidades locales, con el objetivo de alcanzar un consenso y definir criterios claros.<\/p>\n<h4>Mejora de la prevenci\u00f3n con radares en el Pirineo<\/h4>\n<p>Paralelamente, el <strong>Servei Meteorol\u00f2gic de Catalunya<\/strong> invertir\u00e1 <strong>6 millones de euros<\/strong> en la instalaci\u00f3n de <strong>tres radares de banda X en el Pirineo<\/strong> (La Pe\u00fclla, Pic de l\u2019Orri y Tosa d\u2019Alp). El proyecto, denominado <strong>PIRINEX<\/strong>, mejorar\u00e1 hasta un 90% la cobertura meteorol\u00f3gica en la zona y permitir\u00e1 anticipar con m\u00e1s precisi\u00f3n episodios de precipitaciones intensas o nieve.<\/p>\n<p>La nueva regulaci\u00f3n llega en un momento en que el camping tiene un peso importante dentro de la oferta tur\u00edstica catalana. El sector hab\u00eda reclamado un <strong>marco claro y estable<\/strong> para poder planificar inversiones y adaptar las instalaciones sin perder competitividad, especialmente frente a los mercados internacionales.<\/p>\n<blockquote class=\"wp-embedded-content\" data-secret=\"vPuEm8VDpT\"><p><a href=\"https:\/\/www.comunicatur.info\/es\/alcaldes-y-empresarios-del-pallars-sobira-alertan-que-el-decreto-de-inundabilidad-puede-cerrar-a-14-campings\/\">Alcaldes y empresarios del Pallars Sobir\u00e0 alertan que el decreto de inundabilidad puede cerrar 14 campings<\/a><\/p><\/blockquote>\n<p><iframe class=\"wp-embedded-content\" sandbox=\"allow-scripts\" security=\"restricted\" style=\"position: absolute; clip: rect(1px, 1px, 1px, 1px);\" title=\"&#8220;Alcaldes y empresarios del Pallars Sobir\u00e0 alertan que el decreto de inundabilidad puede cerrar 14 campings&#8221; &#8212; Comunicatur\" src=\"https:\/\/www.comunicatur.info\/es\/alcaldes-y-empresarios-del-pallars-sobira-alertan-que-el-decreto-de-inundabilidad-puede-cerrar-a-14-campings\/embed\/#?secret=5z55hgnaX5#?secret=vPuEm8VDpT\" data-secret=\"vPuEm8VDpT\" width=\"500\" height=\"282\" frameborder=\"0\" marginwidth=\"0\" marginheight=\"0\" scrolling=\"no\"><\/iframe><\/p>\n<blockquote class=\"wp-embedded-content\" data-secret=\"u9hnAkrhn1\"><p><a href=\"https:\/\/www.comunicatur.info\/es\/el-cierre-de-campings-en-peligro-de-inundacion-va-para-largo\/\">El cierre de campings en peligro de inundaci\u00f3n va para largo<\/a><\/p><\/blockquote>\n<p><iframe class=\"wp-embedded-content\" sandbox=\"allow-scripts\" security=\"restricted\" style=\"position: absolute; clip: rect(1px, 1px, 1px, 1px);\" title=\"&#8220;El cierre de campings en peligro de inundaci\u00f3n va para largo&#8221; &#8212; Comunicatur\" src=\"https:\/\/www.comunicatur.info\/es\/el-cierre-de-campings-en-peligro-de-inundacion-va-para-largo\/embed\/#?secret=M0oASu0iyz#?secret=u9hnAkrhn1\" data-secret=\"u9hnAkrhn1\" width=\"500\" height=\"282\" frameborder=\"0\" marginwidth=\"0\" marginheight=\"0\" scrolling=\"no\"><\/iframe><\/p>\n<p>&nbsp;<\/p>\n<blockquote class=\"wp-embedded-content\" data-secret=\"RhVfkqfokc\"><p><a href=\"https:\/\/www.comunicatur.info\/es\/ponen-a-16-campings-catalanes-a-los-pies-de-los-caballos-por-el-riesgo-de-inundacion\/\">Ponen a 16 campings catalanes a los pies de los caballos por el riesgo de inundaci\u00f3n<\/a><\/p><\/blockquote>\n<p><iframe class=\"wp-embedded-content\" sandbox=\"allow-scripts\" security=\"restricted\" style=\"position: absolute; clip: rect(1px, 1px, 1px, 1px);\" title=\"&#8220;Ponen a 16 campings catalanes a los pies de los caballos por el riesgo de inundaci\u00f3n&#8221; &#8212; Comunicatur\" src=\"https:\/\/www.comunicatur.info\/es\/ponen-a-16-campings-catalanes-a-los-pies-de-los-caballos-por-el-riesgo-de-inundacion\/embed\/#?secret=3gboZ0992a#?secret=RhVfkqfokc\" data-secret=\"RhVfkqfokc\" width=\"500\" height=\"282\" frameborder=\"0\" marginwidth=\"0\" marginheight=\"0\" scrolling=\"no\"><\/iframe><\/p>\n","protected":false},"excerpt":{"rendered":"<p>El Govern de Catalunya ha aprobado un nuevo decreto ley que regular\u00e1 los mecanismos para evaluar la viabilidad de la gesti\u00f3n del riesgo de inundaci\u00f3n en los campings situados en zonas pr\u00f3ximas a cursos fluviales o \u00e1reas inundables. La medida busca garantizar la seguridad de las personas en un contexto de emergencia clim\u00e1tica y de &hellip;<\/p>\n","protected":false},"author":408,"featured_media":19089,"comment_status":"closed","ping_status":"open","sticky":false,"template":"","format":"standard","meta":[],"categories":[59],"tags":[685,1293,1297,1292,1295,1294,1296,1291,268],"_links":{"self":[{"href":"https:\/\/www.comunicatur.info\/es\/wp-json\/wp\/v2\/posts\/27815"}],"collection":[{"href":"https:\/\/www.comunicatur.info\/es\/wp-json\/wp\/v2\/posts"}],"about":[{"href":"https:\/\/www.comunicatur.info\/es\/wp-json\/wp\/v2\/types\/post"}],"author":[{"embeddable":true,"href":"https:\/\/www.comunicatur.info\/es\/wp-json\/wp\/v2\/users\/408"}],"replies":[{"embeddable":true,"href":"https:\/\/www.comunicatur.info\/es\/wp-json\/wp\/v2\/comments?post=27815"}],"version-history":[{"count":2,"href":"https:\/\/www.comunicatur.info\/es\/wp-json\/wp\/v2\/posts\/27815\/revisions"}],"predecessor-version":[{"id":27822,"href":"https:\/\/www.comunicatur.info\/es\/wp-json\/wp\/v2\/posts\/27815\/revisions\/27822"}],"wp:featuredmedia":[{"embeddable":true,"href":"https:\/\/www.comunicatur.info\/es\/wp-json\/wp\/v2\/media\/19089"}],"wp:attachment":[{"href":"https:\/\/www.comunicatur.info\/es\/wp-json\/wp\/v2\/media?parent=27815"}],"wp:term":[{"taxonomy":"category","embeddable":true,"href":"https:\/\/www.comunicatur.info\/es\/wp-json\/wp\/v2\/categories?post=27815"},{"taxonomy":"post_tag","embeddable":true,"href":"https:\/\/www.comunicatur.info\/es\/wp-json\/wp\/v2\/tags?post=27815"}],"curies":[{"name":"wp","href":"https:\/\/api.w.org\/{rel}","templated":true}]}}