{"id":2765,"date":"2010-11-12T00:00:00","date_gmt":"2010-11-12T00:00:00","guid":{"rendered":"https:\/\/comunicatur.info\/thomas-cook-aconsegueix-evitar-la-denuncia-dels-hotelers-pel-descompte-del-5-2\/"},"modified":"2010-11-12T00:00:00","modified_gmt":"2010-11-12T00:00:00","slug":"thomas-cook-aconsegueix-evitar-la-denuncia-dels-hotelers-pel-descompte-del-5-2","status":"publish","type":"post","link":"https:\/\/www.comunicatur.info\/es\/thomas-cook-aconsegueix-evitar-la-denuncia-dels-hotelers-pel-descompte-del-5-2\/","title":{"rendered":"Thomas Cook consigue evitar la denuncia de los hoteleros por el descuento del 5%"},"content":{"rendered":"<p>La Confederaci\u00f3n Espa\u00f1ola de Hoteles y Alojamientos Tur\u00edsticos (CEHAT) y Thomas Cook han llegado a un principio de acuerdo para evitar el Tribunal de la Competencia. Concretamente el turoperador se compromete a no volver a aplicar un descuento del 5% sobre la facturaci\u00f3n sin pactarlo antes con los hoteleros. Sobre las cantidades ya descontadas Thomas Cook negociar\u00e1 de manera particular con los hoteles afectados para compensarles con un incremento en la facturaci\u00f3n para el pr\u00f3ximo a\u00f1o.<\/p>\n<p>El acuerdo, en principio positivo, dejar\u00eda a las empresas hoteleras afectadas por el recorte de un 5% de las facturas ante una negociaci\u00f3n desigual ya que deber\u00e1n acordar o casi someterse, individualmente, a las condiciones de la devoluci\u00f3n que marque Thomas Cook. La situaci\u00f3n puede crear precedente en otros turoperadores tentados en aplicar descuentos y retener pagos en momentos econ\u00f3micos dif\u00edciles a cambio de realizar una compensaci\u00f3n en la facturaci\u00f3n de meses futuros. <\/p>\n<p>Molas ha declarado que Thomas Cook ha reconocido en este principio de acuerdo el \u00aberror\u00bb cometido al aplicar de manera unilateral el descuento, al tiempo que se ha comprometido a no efectuar \u00abnunca m\u00e1s\u00bb una acci\u00f3n de este tipo sin consensuarlo antes con los hoteleros. Adem\u00e1s, el turoperador se ha comprometido a aumentar el pr\u00f3ximo a\u00f1o el volumen de pasajeros que destina a Espa\u00f1a en un 5% respecto a 2010, lo que supone unos 50.000 clientes m\u00e1s que generar\u00e1n unas 400.000 estancias.<\/p>\n<p>\u00c9ste ha sido el resultado de una reuni\u00f3n durante la World Travel Market (WTM) de Londres, convocada por la CEHAT y a la que han asistido su presidente, Joan Molas, y el presidente de Thomas Cook, Manny Fontela. Tambi\u00e9n han asistido los representantes pol\u00edticos de turismo de Valencia, Baleares y Canarias.<\/p>\n<p>El principio de acuerdo todav\u00eda no se ha firmado aunque Molas cree que se har\u00e1 en los pr\u00f3ximos d\u00edas. La CEHAT hab\u00eda anunciado que, en el supuesto de que no se llegara a un acuerdo satisfactorio, llevar\u00edan el caso ante el Tribunal de la Competencia Europeo aspecto que con la firma del acuerdo queda descartado.<\/p>\n","protected":false},"excerpt":{"rendered":"<p>La Confederaci\u00f3n Espa\u00f1ola de Hoteles y Alojamientos Tur\u00edsticos (CEHAT) y Thomas Cook han llegado a un principio de acuerdo para evitar el Tribunal de la Competencia. Concretamente el turoperador se compromete a no volver a aplicar un descuento del 5% sobre la facturaci\u00f3n sin pactarlo antes con los hoteleros. Sobre las cantidades ya descontadas Thomas Cook negociar\u00e1 de manera particular con los hoteles afectados para compensarles con un incremento en la facturaci\u00f3n para el pr\u00f3ximo a\u00f1o.<\/p>\n","protected":false},"author":1,"featured_media":0,"comment_status":"close","ping_status":"open","sticky":false,"template":"","format":"standard","meta":[],"categories":[25],"tags":[],"_links":{"self":[{"href":"https:\/\/www.comunicatur.info\/es\/wp-json\/wp\/v2\/posts\/2765"}],"collection":[{"href":"https:\/\/www.comunicatur.info\/es\/wp-json\/wp\/v2\/posts"}],"about":[{"href":"https:\/\/www.comunicatur.info\/es\/wp-json\/wp\/v2\/types\/post"}],"author":[{"embeddable":true,"href":"https:\/\/www.comunicatur.info\/es\/wp-json\/wp\/v2\/users\/1"}],"replies":[{"embeddable":true,"href":"https:\/\/www.comunicatur.info\/es\/wp-json\/wp\/v2\/comments?post=2765"}],"version-history":[{"count":0,"href":"https:\/\/www.comunicatur.info\/es\/wp-json\/wp\/v2\/posts\/2765\/revisions"}],"wp:attachment":[{"href":"https:\/\/www.comunicatur.info\/es\/wp-json\/wp\/v2\/media?parent=2765"}],"wp:term":[{"taxonomy":"category","embeddable":true,"href":"https:\/\/www.comunicatur.info\/es\/wp-json\/wp\/v2\/categories?post=2765"},{"taxonomy":"post_tag","embeddable":true,"href":"https:\/\/www.comunicatur.info\/es\/wp-json\/wp\/v2\/tags?post=2765"}],"curies":[{"name":"wp","href":"https:\/\/api.w.org\/{rel}","templated":true}]}}