{"id":27640,"date":"2025-08-01T00:00:32","date_gmt":"2025-07-31T22:00:32","guid":{"rendered":"https:\/\/www.comunicatur.info\/?p=27640"},"modified":"2025-07-28T11:13:25","modified_gmt":"2025-07-28T09:13:25","slug":"barcelona-elevara-la-tasa-turistica-hasta-los-15-euros-por-persona-y-noche-antes-de-2030","status":"publish","type":"post","link":"https:\/\/www.comunicatur.info\/es\/barcelona-elevara-la-tasa-turistica-hasta-los-15-euros-por-persona-y-noche-antes-de-2030\/","title":{"rendered":"Barcelona elevar\u00e1 la tasa tur\u00edstica hasta los 15 euros por persona y noche antes de 2030"},"content":{"rendered":"<p>Barcelona da el paso y aprueba el incremento progresivo de el tramo municipal de la tasa tur\u00edstica, que alcanzar\u00e1 los 8 euros por persona y noche en 2029. Esta medida, impulsada por ERC y respaldada por el gobierno municipal del PSC con el apoyo de Barcelona en Com\u00fa, se combinar\u00e1 con el impuesto auton\u00f3mico (IEET), lo que puede llevar el coste total hasta <strong>los 15 euros por persona y noche<\/strong> en determinados tipos de alojamientos de alta gama.<\/p>\n<p>El aumento se aplicar\u00e1 de forma gradual, con un euro adicional por a\u00f1o a partir de 2026. Actualmente, la tasa municipal es de 4 euros. Esta subida permitir\u00e1 alcanzar el tope legal establecido por la normativa catalana. El teniente de alcalde de Econom\u00eda, Jordi Valls, ha avanzado que la medida se incorporar\u00e1 a la propuesta de ordenanzas fiscales de 2026, que comenzar\u00e1 a debatirse en oto\u00f1o.<\/p>\n<p>En cuanto al impuesto gestionado por la Generalitat, el IEET, tambi\u00e9n est\u00e1 previsto que aumente a partir de octubre de 2025, con una horquilla entre 2 y 7 euros seg\u00fan la categor\u00eda del alojamiento. Esto significa que, en el caso de un hotel de cinco estrellas, la suma de ambos tributos podr\u00e1 alcanzar el m\u00e1ximo de <strong>15 euros por noche y persona<\/strong>.<\/p>\n<h4>Impacto en el sector y reparto de la recaudaci\u00f3n<\/h4>\n<p>El consistorio estima que esta medida podr\u00eda aportar unos <strong>150 millones de euros anuales<\/strong>. Los ingresos se destinar\u00e1n a reforzar servicios p\u00fablicos como el <strong>transporte, la seguridad, el mantenimiento del espacio urbano<\/strong> y la lucha contra el cambio clim\u00e1tico, seg\u00fan ha indicado el gobierno municipal. Adem\u00e1s, se contempla la creaci\u00f3n de un fondo espec\u00edfico para <strong>redistribuir parte de estos ingresos a los barrios m\u00e1s afectados por la presi\u00f3n tur\u00edstica<\/strong>.<\/p>\n<p>Desde ERC, la l\u00edder municipal Elisenda Alamany defendi\u00f3 la medida como una herramienta para \u201crepartir mejor los beneficios del turismo\u201d y hacerla \u201ccompatible con la vida cotidiana de los residentes\u201d. Por el contrario, Junts per Barcelona se abstuvo, alertando del riesgo de \u201ccriminalizar\u201d el turismo, mientras que PP y Vox votaron en contra y calificaron la medida de perjudicial para la imagen internacional de la ciudad.<\/p>\n","protected":false},"excerpt":{"rendered":"<p>Barcelona da el paso y aprueba el incremento progresivo de el tramo municipal de la tasa tur\u00edstica, que alcanzar\u00e1 los 8 euros por persona y noche en 2029. Esta medida, impulsada por ERC y respaldada por el gobierno municipal del PSC con el apoyo de Barcelona en Com\u00fa, se combinar\u00e1 con el impuesto auton\u00f3mico (IEET), &hellip;<\/p>\n","protected":false},"author":408,"featured_media":27637,"comment_status":"closed","ping_status":"open","sticky":false,"template":"","format":"standard","meta":[],"categories":[62],"tags":[1037,726,351,1032,1039,470,1030,1041,1029,546,1034,1038,1040,1035,1031,1036,1028,1033,171,228],"_links":{"self":[{"href":"https:\/\/www.comunicatur.info\/es\/wp-json\/wp\/v2\/posts\/27640"}],"collection":[{"href":"https:\/\/www.comunicatur.info\/es\/wp-json\/wp\/v2\/posts"}],"about":[{"href":"https:\/\/www.comunicatur.info\/es\/wp-json\/wp\/v2\/types\/post"}],"author":[{"embeddable":true,"href":"https:\/\/www.comunicatur.info\/es\/wp-json\/wp\/v2\/users\/408"}],"replies":[{"embeddable":true,"href":"https:\/\/www.comunicatur.info\/es\/wp-json\/wp\/v2\/comments?post=27640"}],"version-history":[{"count":2,"href":"https:\/\/www.comunicatur.info\/es\/wp-json\/wp\/v2\/posts\/27640\/revisions"}],"predecessor-version":[{"id":27642,"href":"https:\/\/www.comunicatur.info\/es\/wp-json\/wp\/v2\/posts\/27640\/revisions\/27642"}],"wp:featuredmedia":[{"embeddable":true,"href":"https:\/\/www.comunicatur.info\/es\/wp-json\/wp\/v2\/media\/27637"}],"wp:attachment":[{"href":"https:\/\/www.comunicatur.info\/es\/wp-json\/wp\/v2\/media?parent=27640"}],"wp:term":[{"taxonomy":"category","embeddable":true,"href":"https:\/\/www.comunicatur.info\/es\/wp-json\/wp\/v2\/categories?post=27640"},{"taxonomy":"post_tag","embeddable":true,"href":"https:\/\/www.comunicatur.info\/es\/wp-json\/wp\/v2\/tags?post=27640"}],"curies":[{"name":"wp","href":"https:\/\/api.w.org\/{rel}","templated":true}]}}