{"id":27633,"date":"2025-07-30T00:00:58","date_gmt":"2025-07-29T22:00:58","guid":{"rendered":"https:\/\/www.comunicatur.info\/?p=27633"},"modified":"2025-07-28T09:31:28","modified_gmt":"2025-07-28T07:31:28","slug":"turespana-y-su-primera-gran-campana-internacional-centrada-en-la-espana-interior","status":"publish","type":"post","link":"https:\/\/www.comunicatur.info\/es\/turespana-y-su-primera-gran-campana-internacional-centrada-en-la-espana-interior\/","title":{"rendered":"Turespa\u00f1a y su primera gran campa\u00f1a internacional centrada en la Espa\u00f1a interior"},"content":{"rendered":"<p>El <strong>Instituto de Turismo de Espa\u00f1a (Turespa\u00f1a)<\/strong> ha presentado su primera gran campa\u00f1a internacional de promoci\u00f3n centrada en la <strong>Espa\u00f1a interior<\/strong>, la <strong>desestacionalizaci\u00f3n<\/strong> y el <strong>turismo responsable<\/strong>, en l\u00ednea con el cambio de modelo tur\u00edstico que defiende. La iniciativa, titulada <strong>\u00abThink You Know Spain? Think Again\u00bb<\/strong> (\u00ab\u00bfCrees que conoces Espa\u00f1a? Pi\u00e9nsalo de nuevo\u00bb), pone el foco en la <strong>triple sostenibilidad<\/strong>: econ\u00f3mica, social y medioambiental.<\/p>\n<p>En la presentaci\u00f3n oficial el <strong>ministro de Industria y Turismo<\/strong>, <strong>Jordi Hereu<\/strong> afirmo que la campa\u00f1a supone \u00abun hito en la promoci\u00f3n tur\u00edstica internacional\u00bb y busca atraer a un <strong>turista internacional m\u00e1s consciente<\/strong>, que viaje fuera de temporada y elija destinos menos masificados. El objetivo es reforzar el liderazgo de Espa\u00f1a como destino sostenible y consolidar su posicionamiento como referente del concepto de <strong>slow travel<\/strong>.<\/p>\n<h4>Un giro en la promoci\u00f3n internacional de la marca Espa\u00f1a<\/h4>\n<p>La campa\u00f1a se enmarca dentro de la estrategia <strong>Espa\u00f1a Turismo 2030<\/strong>, que pretende transformar el sector hacia un <strong>modelo de crecimiento sostenido y equilibrado<\/strong>, con una distribuci\u00f3n m\u00e1s justa de los beneficios tur\u00edsticos entre los territorios y la poblaci\u00f3n local.<\/p>\n<p>Hereu ha destacado que, seg\u00fan los datos de 2024, las comunidades de la llamada <strong>Espa\u00f1a verde e interior<\/strong>, eje central de esta campa\u00f1a, han registrado crecimientos por encima de la media estatal tanto en <strong>visitantes internacionales<\/strong> como en <strong>gasto tur\u00edstico<\/strong>. Adem\u00e1s, se ha observado un aumento notable del <strong>inter\u00e9s cultural y gastron\u00f3mico<\/strong> entre los viajeros, un indicador clave del cambio en las preferencias de los mercados internacionales.<\/p>\n<h4>12 comunidades aut\u00f3nomas, 60 localizaciones y 47 millones de turistas potenciales<\/h4>\n<p>Una de las grandes novedades de la campa\u00f1a es la colaboraci\u00f3n directa de las comunidades aut\u00f3nomas en todas las fases, desde la producci\u00f3n hasta la difusi\u00f3n. En esta primera fase, el rodaje se ha llevado a cabo en <strong>12 comunidades<\/strong> peninsulares y m\u00e1s de <strong>60 localizaciones<\/strong>.<\/p>\n<p>La campa\u00f1a tendr\u00e1 una fuerte presencia digital con acciones en <strong>Instagram, YouTube y TikTok<\/strong>, dirigidas a <strong>21 mercados estrat\u00e9gicos<\/strong> de Europa, Norteam\u00e9rica y Latinoam\u00e9rica. Con una inversi\u00f3n prevista de <strong>30 millones de euros en tres a\u00f1os<\/strong>, Turespa\u00f1a estima alcanzar a <strong>47 millones de turistas potenciales<\/strong>, generar m\u00e1s de <strong>50 millones de visualizaciones completas<\/strong> y cerca de <strong>29 millones de minutos de atenci\u00f3n<\/strong>.<\/p>\n<p>Todo el tr\u00e1fico digital se canalizar\u00e1 hacia una p\u00e1gina web espec\u00edfica (<a href=\"https:\/\/www.spain.info\/en\/thinkyouknowspain\" target=\"_blank\" rel=\"noopener\">https:\/\/www.spain.info\/en\/thinkyouknowspain<\/a>), donde los usuarios podr\u00e1n interactuar con el contenido audiovisual y descubrir nuevas facetas del destino.<\/p>\n<p>Turespa\u00f1a prev\u00e9 ampliar la campa\u00f1a en el futuro, incorporando nuevas localizaciones que permitan incluir a <strong>todas las comunidades aut\u00f3nomas<\/strong>, as\u00ed como nuevos segmentos como el <strong>turismo LGBTIQ+<\/strong> y nuevos mercados, especialmente en <strong>Asia y Oriente Medio<\/strong>.<\/p>\n<p>Con esta iniciativa, el organismo estatal busca reforzar la percepci\u00f3n de Espa\u00f1a como un destino tur\u00edstico de calidad, sostenible y diverso, en un a\u00f1o que coincide con el <strong>40\u00ba aniversario de Turespa\u00f1a<\/strong>.<\/p>\n","protected":false},"excerpt":{"rendered":"<p>El Instituto de Turismo de Espa\u00f1a (Turespa\u00f1a) ha presentado su primera gran campa\u00f1a internacional de promoci\u00f3n centrada en la Espa\u00f1a interior, la desestacionalizaci\u00f3n y el turismo responsable, en l\u00ednea con el cambio de modelo tur\u00edstico que defiende. La iniciativa, titulada \u00abThink You Know Spain? Think Again\u00bb (\u00ab\u00bfCrees que conoces Espa\u00f1a? Pi\u00e9nsalo de nuevo\u00bb), pone el &hellip;<\/p>\n","protected":false},"author":408,"featured_media":27630,"comment_status":"closed","ping_status":"open","sticky":false,"template":"","format":"standard","meta":[],"categories":[62],"tags":[172,1009,1010,657,1011,325,1013,717,545,1012,224,174,271,700,171],"_links":{"self":[{"href":"https:\/\/www.comunicatur.info\/es\/wp-json\/wp\/v2\/posts\/27633"}],"collection":[{"href":"https:\/\/www.comunicatur.info\/es\/wp-json\/wp\/v2\/posts"}],"about":[{"href":"https:\/\/www.comunicatur.info\/es\/wp-json\/wp\/v2\/types\/post"}],"author":[{"embeddable":true,"href":"https:\/\/www.comunicatur.info\/es\/wp-json\/wp\/v2\/users\/408"}],"replies":[{"embeddable":true,"href":"https:\/\/www.comunicatur.info\/es\/wp-json\/wp\/v2\/comments?post=27633"}],"version-history":[{"count":1,"href":"https:\/\/www.comunicatur.info\/es\/wp-json\/wp\/v2\/posts\/27633\/revisions"}],"predecessor-version":[{"id":27634,"href":"https:\/\/www.comunicatur.info\/es\/wp-json\/wp\/v2\/posts\/27633\/revisions\/27634"}],"wp:featuredmedia":[{"embeddable":true,"href":"https:\/\/www.comunicatur.info\/es\/wp-json\/wp\/v2\/media\/27630"}],"wp:attachment":[{"href":"https:\/\/www.comunicatur.info\/es\/wp-json\/wp\/v2\/media?parent=27633"}],"wp:term":[{"taxonomy":"category","embeddable":true,"href":"https:\/\/www.comunicatur.info\/es\/wp-json\/wp\/v2\/categories?post=27633"},{"taxonomy":"post_tag","embeddable":true,"href":"https:\/\/www.comunicatur.info\/es\/wp-json\/wp\/v2\/tags?post=27633"}],"curies":[{"name":"wp","href":"https:\/\/api.w.org\/{rel}","templated":true}]}}