{"id":27619,"date":"2025-07-25T00:00:28","date_gmt":"2025-07-24T22:00:28","guid":{"rendered":"https:\/\/www.comunicatur.info\/?p=27619"},"modified":"2025-07-24T09:25:12","modified_gmt":"2025-07-24T07:25:12","slug":"mas-turistas-estancias-mas-cortas-y-precios-hoteleros-moderados-en-cataluna","status":"publish","type":"post","link":"https:\/\/www.comunicatur.info\/es\/mas-turistas-estancias-mas-cortas-y-precios-hoteleros-moderados-en-cataluna\/","title":{"rendered":"M\u00e1s turistas, estancias m\u00e1s cortas y precios hoteleros moderados en Catalu\u00f1a"},"content":{"rendered":"<p>La actividad hotelera en Catalu\u00f1a sigue mostrando una buena afluencia de viajeros, pero con indicadores que apuntan a una desaceleraci\u00f3n del crecimiento. Seg\u00fan datos provisionales publicados por el Instituto Nacional de Estad\u00edstica (INE) correspondientes al mes de junio de 2025, el n\u00famero de pernoctaciones en los establecimientos hoteleros catalanes ha crecido, pero de forma menos intensa que en ejercicios anteriores.<\/p>\n<p>En Catalunya, el n\u00famero de viajeros alojados en hoteles se ha incrementado un 6% respecto a junio de 2024. Sin embargo, los datos estatales muestran que las pernoctaciones s\u00f3lo han aumentado un 2,1%, lo que sugiere una reducci\u00f3n en la duraci\u00f3n media de las estancias, especialmente en comunidades con una alta concentraci\u00f3n tur\u00edstica como Catalu\u00f1a.<\/p>\n<p>Catalu\u00f1a se mantiene como uno de los principales destinos para los turistas residentes en el Estado \u2014con el 15,3% de las pernoctaciones dom\u00e9sticas\u2014 y tambi\u00e9n para los visitantes internacionales, que concentran el 18,7% de las pernoctaciones totales de viajeros de fuera de Espa\u00f1a, s\u00f3lo por detr\u00e1s de las Islas Baleares.<\/p>\n<h4><strong>Se frena la subida del precio de los hoteles<\/strong><\/h4>\n<p>Otro destacado indicador es la evoluci\u00f3n de los precios hoteleros. Catalu\u00f1a ha registrado el menor incremento del \u00cdndice de Precios Hotelero (IPH) entre todas las comunidades aut\u00f3nomas, con una subida interanual de s\u00f3lo el 1,6% en junio. Se trata de un aumento moderado, especialmente si se compara con la media estatal (+5,2%) o con comunidades como Baleares o Asturias, donde los precios han experimentado subidas significativas.<\/p>\n<p>Este comportamiento se produce en un contexto en el que los hoteles en Espa\u00f1a han alcanzado un grado de ocupaci\u00f3n del 66,1% en junio, con una ocupaci\u00f3n del 72,8% en fines de semana. Catalu\u00f1a mantiene buenos niveles de empleo, pero la presi\u00f3n de la demanda parece estabilizarse, con una respuesta moderada en cuanto a precios se refiere.<\/p>\n<p>Todo ello apunta a una normalizaci\u00f3n del mercado hotelero despu\u00e9s de los a\u00f1os de expansi\u00f3n pospand\u00e9mica. El crecimiento se mantiene pero con signos de madurez y ajustes en el gasto, la duraci\u00f3n de las estancias y la elasticidad de los precios. Una realidad que el sector hotelero deber\u00e1 gestionar con estrategias adaptadas a una demanda cada vez m\u00e1s selectiva y sensible al contexto econ\u00f3mico.<\/p>\n","protected":false},"excerpt":{"rendered":"<p>La actividad hotelera en Catalu\u00f1a sigue mostrando una buena afluencia de viajeros, pero con indicadores que apuntan a una desaceleraci\u00f3n del crecimiento. Seg\u00fan datos provisionales publicados por el Instituto Nacional de Estad\u00edstica (INE) correspondientes al mes de junio de 2025, el n\u00famero de pernoctaciones en los establecimientos hoteleros catalanes ha crecido, pero de forma menos &hellip;<\/p>\n","protected":false},"author":408,"featured_media":27617,"comment_status":"closed","ping_status":"open","sticky":false,"template":"","format":"standard","meta":[],"categories":[59],"tags":[1003,999,1002,1000,997,996,998,383,296,1001,803,389,826,679,271],"_links":{"self":[{"href":"https:\/\/www.comunicatur.info\/es\/wp-json\/wp\/v2\/posts\/27619"}],"collection":[{"href":"https:\/\/www.comunicatur.info\/es\/wp-json\/wp\/v2\/posts"}],"about":[{"href":"https:\/\/www.comunicatur.info\/es\/wp-json\/wp\/v2\/types\/post"}],"author":[{"embeddable":true,"href":"https:\/\/www.comunicatur.info\/es\/wp-json\/wp\/v2\/users\/408"}],"replies":[{"embeddable":true,"href":"https:\/\/www.comunicatur.info\/es\/wp-json\/wp\/v2\/comments?post=27619"}],"version-history":[{"count":1,"href":"https:\/\/www.comunicatur.info\/es\/wp-json\/wp\/v2\/posts\/27619\/revisions"}],"predecessor-version":[{"id":27620,"href":"https:\/\/www.comunicatur.info\/es\/wp-json\/wp\/v2\/posts\/27619\/revisions\/27620"}],"wp:featuredmedia":[{"embeddable":true,"href":"https:\/\/www.comunicatur.info\/es\/wp-json\/wp\/v2\/media\/27617"}],"wp:attachment":[{"href":"https:\/\/www.comunicatur.info\/es\/wp-json\/wp\/v2\/media?parent=27619"}],"wp:term":[{"taxonomy":"category","embeddable":true,"href":"https:\/\/www.comunicatur.info\/es\/wp-json\/wp\/v2\/categories?post=27619"},{"taxonomy":"post_tag","embeddable":true,"href":"https:\/\/www.comunicatur.info\/es\/wp-json\/wp\/v2\/tags?post=27619"}],"curies":[{"name":"wp","href":"https:\/\/api.w.org\/{rel}","templated":true}]}}