{"id":27377,"date":"2025-06-16T00:00:52","date_gmt":"2025-06-15T22:00:52","guid":{"rendered":"https:\/\/www.comunicatur.info\/?p=27377"},"modified":"2025-06-15T23:34:17","modified_gmt":"2025-06-15T21:34:17","slug":"la-generalitat-activa-una-nueva-linea-de-ayudas-para-mejorar-la-eficiencia-energetica-de-los-alojamientos-turisticos","status":"publish","type":"post","link":"https:\/\/www.comunicatur.info\/es\/la-generalitat-activa-una-nueva-linea-de-ayudas-para-mejorar-la-eficiencia-energetica-de-los-alojamientos-turisticos\/","title":{"rendered":"La Generalitat activa una nueva l\u00ednea de ayudas para mejorar la eficiencia energ\u00e9tica de los alojamientos tur\u00edsticos"},"content":{"rendered":"<p data-start=\"233\" data-end=\"550\">El Departament d\u2019Empresa i Treball ha abierto una nueva convocatoria de ayudas, dotada con <strong data-start=\"324\" data-end=\"357\">m\u00e1s de 11,5 millones de euros<\/strong>, para fomentar la sostenibilidad en los alojamientos tur\u00edsticos de Catalu\u00f1a. El objetivo es facilitar la transici\u00f3n hacia un modelo m\u00e1s eficiente energ\u00e9ticamente y con menor huella de carbono.<\/p>\n<p data-start=\"552\" data-end=\"789\">Seg\u00fan explic\u00f3 el conseller <strong data-start=\"579\" data-end=\"596\">Miquel S\u00e0mper<\/strong> durante una visita institucional a Roses (Alt Empord\u00e0), estas ayudas buscan mejorar la competitividad del sector, reduciendo los costes energ\u00e9ticos e impulsando pr\u00e1cticas de econom\u00eda circular.<\/p>\n<h4 data-start=\"791\" data-end=\"822\">Inversiones subvencionables<\/h4>\n<p data-start=\"824\" data-end=\"1051\">La convocatoria cubre entre el <strong data-start=\"855\" data-end=\"890\">25% y el 70% del coste elegible<\/strong> de los proyectos, que deber\u00e1n ejecutarse en un plazo m\u00e1ximo de 6 meses desde la presentaci\u00f3n de la solicitud. Entre las actuaciones subvencionables se incluyen:<\/p>\n<ul data-start=\"1053\" data-end=\"1373\">\n<li data-start=\"1053\" data-end=\"1132\">\n<p data-start=\"1055\" data-end=\"1132\"><strong data-start=\"1055\" data-end=\"1130\">Instalaci\u00f3n de sistemas de energ\u00eda solar fotovoltaica para autoconsumo.<\/strong><\/p>\n<\/li>\n<li data-start=\"1133\" data-end=\"1202\">\n<p data-start=\"1135\" data-end=\"1202\"><strong data-start=\"1135\" data-end=\"1200\">Sustituci\u00f3n de electrodom\u00e9sticos por aparatos m\u00e1s eficientes.<\/strong><\/p>\n<\/li>\n<li data-start=\"1203\" data-end=\"1288\">\n<p data-start=\"1205\" data-end=\"1288\"><strong data-start=\"1205\" data-end=\"1286\">Implantaci\u00f3n de soluciones digitales de control y monitorizaci\u00f3n del consumo.<\/strong><\/p>\n<\/li>\n<li data-start=\"1289\" data-end=\"1373\">\n<p data-start=\"1291\" data-end=\"1373\"><strong data-start=\"1291\" data-end=\"1373\">Mejoras en la gesti\u00f3n de residuos, promoci\u00f3n del reciclaje y la reutilizaci\u00f3n.<\/strong><\/p>\n<\/li>\n<\/ul>\n<h4 data-start=\"1375\" data-end=\"1392\">Beneficiarios<\/h4>\n<p data-start=\"1394\" data-end=\"1667\">Las ayudas est\u00e1n dirigidas exclusivamente a <strong data-start=\"1438\" data-end=\"1481\">establecimientos de titularidad privada<\/strong>: hoteles, campings, alojamientos rurales, apartamentos tur\u00edsticos y albergues juveniles, siempre que est\u00e9n sujetos al Impuesto sobre las Estancias en Establecimientos Tur\u00edsticos (IEET).<\/p>\n<h4 data-start=\"1669\" data-end=\"1698\">Plazos y marco financiero<\/h4>\n<p data-start=\"1700\" data-end=\"1857\">El plazo para presentar solicitudes est\u00e1 abierto hasta el <strong data-start=\"1758\" data-end=\"1781\">31 de julio de 2025<\/strong> y se puede tramitar a trav\u00e9s de los canales electr\u00f3nicos de la Generalitat.<\/p>\n<p data-start=\"1859\" data-end=\"2078\">Esta l\u00ednea forma parte del paquete de inversiones financiadas con <strong data-start=\"1925\" data-end=\"1960\">fondos europeos Next Generation<\/strong>, que entre 2022 y 2025 han destinado <strong data-start=\"1998\" data-end=\"2029\">m\u00e1s de 44 millones de euros<\/strong> a la modernizaci\u00f3n del sector tur\u00edstico catal\u00e1n.<\/p>\n","protected":false},"excerpt":{"rendered":"<p>El Departament d\u2019Empresa i Treball ha abierto una nueva convocatoria de ayudas, dotada con m\u00e1s de 11,5 millones de euros, para fomentar la sostenibilidad en los alojamientos tur\u00edsticos de Catalu\u00f1a. El objetivo es facilitar la transici\u00f3n hacia un modelo m\u00e1s eficiente energ\u00e9ticamente y con menor huella de carbono. Seg\u00fan explic\u00f3 el conseller Miquel S\u00e0mper durante &hellip;<\/p>\n","protected":false},"author":408,"featured_media":27374,"comment_status":"closed","ping_status":"open","sticky":false,"template":"","format":"standard","meta":[],"categories":[61],"tags":[675,682,676,681,674,685,683,380,658,684,677,678,679,680,171],"_links":{"self":[{"href":"https:\/\/www.comunicatur.info\/es\/wp-json\/wp\/v2\/posts\/27377"}],"collection":[{"href":"https:\/\/www.comunicatur.info\/es\/wp-json\/wp\/v2\/posts"}],"about":[{"href":"https:\/\/www.comunicatur.info\/es\/wp-json\/wp\/v2\/types\/post"}],"author":[{"embeddable":true,"href":"https:\/\/www.comunicatur.info\/es\/wp-json\/wp\/v2\/users\/408"}],"replies":[{"embeddable":true,"href":"https:\/\/www.comunicatur.info\/es\/wp-json\/wp\/v2\/comments?post=27377"}],"version-history":[{"count":1,"href":"https:\/\/www.comunicatur.info\/es\/wp-json\/wp\/v2\/posts\/27377\/revisions"}],"predecessor-version":[{"id":27378,"href":"https:\/\/www.comunicatur.info\/es\/wp-json\/wp\/v2\/posts\/27377\/revisions\/27378"}],"wp:featuredmedia":[{"embeddable":true,"href":"https:\/\/www.comunicatur.info\/es\/wp-json\/wp\/v2\/media\/27374"}],"wp:attachment":[{"href":"https:\/\/www.comunicatur.info\/es\/wp-json\/wp\/v2\/media?parent=27377"}],"wp:term":[{"taxonomy":"category","embeddable":true,"href":"https:\/\/www.comunicatur.info\/es\/wp-json\/wp\/v2\/categories?post=27377"},{"taxonomy":"post_tag","embeddable":true,"href":"https:\/\/www.comunicatur.info\/es\/wp-json\/wp\/v2\/tags?post=27377"}],"curies":[{"name":"wp","href":"https:\/\/api.w.org\/{rel}","templated":true}]}}