{"id":2734,"date":"2010-10-31T00:00:00","date_gmt":"2010-10-31T00:00:00","guid":{"rendered":"https:\/\/comunicatur.info\/mar-serna-la-formacio-constant-i-continuada-es-basica-per-la-competitivitat-del-sector-turistic-ca-4\/"},"modified":"2010-10-31T00:00:00","modified_gmt":"2010-10-31T00:00:00","slug":"mar-serna-la-formacio-constant-i-continuada-es-basica-per-la-competitivitat-del-sector-turistic-ca-4","status":"publish","type":"post","link":"https:\/\/www.comunicatur.info\/es\/mar-serna-la-formacio-constant-i-continuada-es-basica-per-la-competitivitat-del-sector-turistic-ca-4\/","title":{"rendered":"Mar Serna: \u201cLa formaci\u00f3n cont\u00ednua es b\u00e1sica para el sector\u00bb"},"content":{"rendered":"<p><img class=\"\" height=\"146\" alt=\"\" width=\"156\" src=\"https:\/\/www.comunicatur.info\/cms\/images\/stories\/fotos\/Serna.JPG\" \/><\/p>\n<p>La consellera de Trabajo, Mar Serna, fue la escogida por el PSC para asistir al desayuno-coloquio Comunicatur-ACPET. Centr&oacute; su discurso principalmente en la formaci&oacute;n de los profesionales del sector tur&iacute;stico, como una de las claves del &eacute;xito, y anunci&oacute; la creaci&oacute;n en Barcelona de la oficina para el desarrollo del comercio y el turismo de la Uni&oacute;n Europea (UE).<\/p>\n<p><\/p>\n<p>&ldquo;El sector tur&iacute;stico catal&aacute;n &ndash;afirm&oacute;- debe ser competitivo; socialmente sostenible; y generador de actividad econ&oacute;mica pero tambi&eacute;n de puestos de trabajo de calidad. El turismo son servicios y los servicios, personas, por lo tanto, la inversi&oacute;n en personal es b&aacute;sica&rdquo;. <\/p>\n<p>Serna apuesta por una formaci&oacute;n continuada y constante, donde los idiomas jueguen un papel destacado, y no s&oacute;lo para &ntilde;los los que ocupan puestos directivos, sin&oacute; tambi&eacute;n para aquellos que ocupan puestos de base. Y no &uacute;nicamente hay que mejorar la formaci&oacute;n, tambi&eacute;n hay que rentabilizarla y preservar a los profesionales preparados &ldquo;para no perder talentos&rdquo;. <\/p>\n<p>Respecto a la falta de personal cualificado, Serva se refiri&oacute; a una de las &uacute;ltimas propuestas de su partitdo, la ayuda a los denominados &ldquo;ni-ni&rdquo; y que ella rebautiz&oacute; como &ldquo;si-si&rdquo;. &ldquo;El turismo podr&iacute;a ser uno de los sectores que se beneficiar&iacute;a de esta iniciativa que facilitar&iacute;a 350 horas de formaci&oacute;n a j&oacute;venes del pa&iacute;s que podr&iacute;an incorporarse en vuestras empresas con unos conocimientos ya adquiridos&rdquo;. <\/p>\n<p>La consellera tambi&eacute;n apuesta por buscar nuevas ideas, nuevos ejes de inter&eacute;s para los turistas y por identificar nuevos especialistas en el sector: &ldquo;Nuevas profesiones y perfiles para plantar cara a los retos de futuro&rdquo;. Como ejemplo, puso la professi&oacute;n de Gestor de Experiencias Tur&iacute;sticas. <\/p>\n<p>Hablando de temas m&aacute;s gen&eacute;ricos, Mar Serna explic&oacute; que Catalu&ntilde;a debe ser un destino de productos y olvidarse de competir en precios. De nuevo, Francia volvi&oacute; a salir como modelo a seguir: &ldquo;a partir de temea locales, trabajar en red, aprovechar sinergias y conseguir un producto global&rdquo;. Serna se mostr&oacute; partidaria del modelo de trabajo basado en la creaci&oacute;n de cl&uacute;sters. <\/p>\n<p>Dentro del programa de los socialistas catalanes, la consellera destac&oacute; la intenci&oacute;n de poner en marcha en Barcelona la oficina para el desarrollo del comercio i el turismo de la UE y la celebraci&oacute;n del congreso euromediterr&aacute;neo de turismo y comercio, para conseguir un posicionamiento como capital del turismo y el comercio del mediterr&aacute;neo. <\/p>\n<p>Identidad, paisaje, territorio y patrimonio; mejorar la eficiencia de los servicios p&uacute;blicos; y la innovaci&oacute;n son otros ingredientes que se suman a la formaci&oacute;n para hacer de Catalu&ntilde;a un destino competitivo. Profundizar en las relaciones entre sector p&uacute;blico y privado y buscar alternativas para desestacionalizar la demanda fueron otros temas que se trataron en la sesi&oacute;n con Mar Serna.<\/p>\n<p align=\"center\"><img class=\"\" height=\"260\" alt=\"\" width=\"435\" src=\"https:\/\/www.comunicatur.info\/cms\/images\/stories\/fotos\/Serna2.JPG\" \/><\/p>\n","protected":false},"excerpt":{"rendered":"<p><img class=\"\" height=\"146\" alt=\"\" width=\"156\" src=\"https:\/\/www.comunicatur.info\/cms\/images\/stories\/fotos\/Serna.JPG\" \/><\/p>\n<p>La consellera de Trabajo, Mar Serna, fue la escogida por el PSC para asistir al desayuno-coloquio Comunicatur-ACPET. Centr&oacute; su discurso principalmente en la formaci&oacute;n de los profesionales del sector tur&iacute;stico, como una de las claves del &eacute;xito, y anunci&oacute; la creaci&oacute;n en Barcelona de la oficina para el desarrollo del comercio y el turismo de la Uni&oacute;n Europea (UE).<\/p>\n","protected":false},"author":1,"featured_media":0,"comment_status":"close","ping_status":"open","sticky":false,"template":"","format":"standard","meta":[],"categories":[18],"tags":[],"_links":{"self":[{"href":"https:\/\/www.comunicatur.info\/es\/wp-json\/wp\/v2\/posts\/2734"}],"collection":[{"href":"https:\/\/www.comunicatur.info\/es\/wp-json\/wp\/v2\/posts"}],"about":[{"href":"https:\/\/www.comunicatur.info\/es\/wp-json\/wp\/v2\/types\/post"}],"author":[{"embeddable":true,"href":"https:\/\/www.comunicatur.info\/es\/wp-json\/wp\/v2\/users\/1"}],"replies":[{"embeddable":true,"href":"https:\/\/www.comunicatur.info\/es\/wp-json\/wp\/v2\/comments?post=2734"}],"version-history":[{"count":0,"href":"https:\/\/www.comunicatur.info\/es\/wp-json\/wp\/v2\/posts\/2734\/revisions"}],"wp:attachment":[{"href":"https:\/\/www.comunicatur.info\/es\/wp-json\/wp\/v2\/media?parent=2734"}],"wp:term":[{"taxonomy":"category","embeddable":true,"href":"https:\/\/www.comunicatur.info\/es\/wp-json\/wp\/v2\/categories?post=2734"},{"taxonomy":"post_tag","embeddable":true,"href":"https:\/\/www.comunicatur.info\/es\/wp-json\/wp\/v2\/tags?post=2734"}],"curies":[{"name":"wp","href":"https:\/\/api.w.org\/{rel}","templated":true}]}}