{"id":27266,"date":"2025-06-17T00:00:19","date_gmt":"2025-06-16T22:00:19","guid":{"rendered":"https:\/\/www.comunicatur.info\/?p=27266"},"modified":"2025-06-16T00:20:03","modified_gmt":"2025-06-15T22:20:03","slug":"el-rechazo-social-hacia-la-industria-turistica-preocupa-al-sector","status":"publish","type":"post","link":"https:\/\/www.comunicatur.info\/es\/el-rechazo-social-hacia-la-industria-turistica-preocupa-al-sector\/","title":{"rendered":"El rechazo social hacia la industria tur\u00edstica preocupa al sector"},"content":{"rendered":"<p><strong>Preocupaci\u00f3n<\/strong> en el sector tur\u00edstico por la <strong>reputaci\u00f3n negativa<\/strong> y el <strong>rechazo social<\/strong> hacia la industria. A pesar de tener la <strong>tasa de paro juvenil m\u00e1s alta de Europa<\/strong>, sectores como la <strong>hosteler\u00eda<\/strong> tienen dificultades para encontrar personal. El <strong>motor econ\u00f3mico principal<\/strong> sufre de <strong>desconsideraci\u00f3n social<\/strong>.<\/p>\n<p><strong>Falta de vocaci\u00f3n<\/strong>: No existe una <strong>dedicaci\u00f3n activa<\/strong> de j\u00f3venes interesados en formarse en <strong>hosteler\u00eda<\/strong> y <strong>turismo<\/strong>. Seg\u00fan datos del <strong>Observatorio de la Formaci\u00f3n Profesional<\/strong>, el sector necesitar\u00e1 <strong>1.300.000 empleados<\/strong> en una d\u00e9cada. El <strong>estigma<\/strong> de trabajo <strong>mal remunerado<\/strong> y <strong>de baja calidad<\/strong> es uno de los principales factores.<\/p>\n<p>La inquietud del sector se ve amplificada tras las manifestaciones del pasado fin de semana en ciudades como <strong>Barcelona, Palma, San Sebasti\u00e1n o Granada<\/strong>, donde miles de personas protestaron contra el turismo masivo. Las convocatorias, secundadas por decenas de organizaciones vecinales y ecologistas, d<strong>enuncian la turistificaci\u00f3n de los barrios, el encarecimiento de la vivienda y la sobrecarga de infraestructuras<\/strong>. Estas movilizaciones reflejan una creciente desconexi\u00f3n entre la percepci\u00f3n ciudadana y la actividad tur\u00edstica, alimentando la preocupaci\u00f3n del sector.<\/p>\n<p>La sociedad ve al sector como un <strong>depredador de recursos<\/strong> y derechos laborales. El <strong>transporte<\/strong> por la <strong>contaminaci\u00f3n<\/strong> y la <strong>restauraci\u00f3n<\/strong> por los <strong>bajos salarios<\/strong> y <strong>malos horarios<\/strong> son los m\u00e1s <strong>estigmatizados<\/strong>. Sin embargo, los ciudadanos no quieren renunciar a su <strong>derecho a viajar<\/strong> y disfrutar del <strong>ocio<\/strong>.<\/p>\n<p>Tras los <strong>movimientos anti-turismo<\/strong>, el sector empieza a <strong>concienciarse<\/strong> de la necesidad de revertir la <strong>p\u00e9rdida de imagen colectiva<\/strong>. <strong>Hosteler\u00eda<\/strong>, <strong>viajes<\/strong> y <strong>turismo<\/strong> representan entre el <strong>12% y el 14% del PIB espa\u00f1ol<\/strong>, y no quieren sumirse en una <strong>baja autoestima<\/strong>. El sector del turismo denuncia que la sociedad <strong>culpa<\/strong> al sector de problemas de los cuales no tiene <strong>responsabilidad<\/strong>.<\/p>\n","protected":false},"excerpt":{"rendered":"<p>Preocupaci\u00f3n en el sector tur\u00edstico por la reputaci\u00f3n negativa y el rechazo social hacia la industria. A pesar de tener la tasa de paro juvenil m\u00e1s alta de Europa, sectores como la hosteler\u00eda tienen dificultades para encontrar personal. El motor econ\u00f3mico principal sufre de desconsideraci\u00f3n social. Falta de vocaci\u00f3n: No existe una dedicaci\u00f3n activa de &hellip;<\/p>\n","protected":false},"author":408,"featured_media":27382,"comment_status":"closed","ping_status":"open","sticky":false,"template":"","format":"standard","meta":[],"categories":[73],"tags":[555,687,560,554,559,556,550,553,552,551,546,558,557,548,549,194,475,228],"_links":{"self":[{"href":"https:\/\/www.comunicatur.info\/es\/wp-json\/wp\/v2\/posts\/27266"}],"collection":[{"href":"https:\/\/www.comunicatur.info\/es\/wp-json\/wp\/v2\/posts"}],"about":[{"href":"https:\/\/www.comunicatur.info\/es\/wp-json\/wp\/v2\/types\/post"}],"author":[{"embeddable":true,"href":"https:\/\/www.comunicatur.info\/es\/wp-json\/wp\/v2\/users\/408"}],"replies":[{"embeddable":true,"href":"https:\/\/www.comunicatur.info\/es\/wp-json\/wp\/v2\/comments?post=27266"}],"version-history":[{"count":3,"href":"https:\/\/www.comunicatur.info\/es\/wp-json\/wp\/v2\/posts\/27266\/revisions"}],"predecessor-version":[{"id":27379,"href":"https:\/\/www.comunicatur.info\/es\/wp-json\/wp\/v2\/posts\/27266\/revisions\/27379"}],"wp:featuredmedia":[{"embeddable":true,"href":"https:\/\/www.comunicatur.info\/es\/wp-json\/wp\/v2\/media\/27382"}],"wp:attachment":[{"href":"https:\/\/www.comunicatur.info\/es\/wp-json\/wp\/v2\/media?parent=27266"}],"wp:term":[{"taxonomy":"category","embeddable":true,"href":"https:\/\/www.comunicatur.info\/es\/wp-json\/wp\/v2\/categories?post=27266"},{"taxonomy":"post_tag","embeddable":true,"href":"https:\/\/www.comunicatur.info\/es\/wp-json\/wp\/v2\/tags?post=27266"}],"curies":[{"name":"wp","href":"https:\/\/api.w.org\/{rel}","templated":true}]}}